{"id":7685,"date":"2025-06-14T22:22:55","date_gmt":"2025-06-14T20:22:55","guid":{"rendered":"https:\/\/orchidays.fr\/blog\/a-la-une\/decoration-interieure-les-portails-inspires-par-les-orchidees-et-plantes-rares\/"},"modified":"2025-06-14T22:22:55","modified_gmt":"2025-06-14T20:22:55","slug":"decoration-interieure-les-portails-inspires-par-les-orchidees-et-plantes-rares","status":"publish","type":"post","link":"https:\/\/orchidays.fr\/blog\/a-la-une\/decoration-interieure-les-portails-inspires-par-les-orchidees-et-plantes-rares\/","title":{"rendered":"D\u00e9coration int\u00e9rieure : les portails inspir\u00e9s par les orchid\u00e9es et plantes rares"},"content":{"rendered":"<h1>D\u00e9coration int\u00e9rieure : les portails inspir\u00e9s par les orchid\u00e9es et plantes rares<\/h1>\n<h2>Tendances design : l\u2019essor du portail v\u00e9g\u00e9tal<\/h2>\n<p>\n    L\u2019attrait croissant pour les <strong>portails v\u00e9g\u00e9taux<\/strong> repose sur un d\u00e9sir affirm\u00e9 de <u>fusionner nature et structure<\/u> pour cr\u00e9er des entr\u00e9es remarquables qui refl\u00e8tent une personnalit\u00e9 unique. Le mouvement s\u2019accentue gr\u00e2ce \u00e0 l\u2019utilisation de <strong>motifs botaniques<\/strong> et de <strong>d\u00e9coupes laser<\/strong> sophistiqu\u00e9es, repr\u00e9sentant des fleurs d\u00e9licates comme l\u2019orchid\u00e9e, des feuillages exotiques ou des compositions v\u00e9g\u00e9tales graphiques. Ces \u00e9l\u00e9ments visuels insufflent un <strong>raffinement<\/strong> subtil et une <u>dimension artistique in\u00e9dite<\/u> \u00e0 l\u2019architecture ext\u00e9rieure.\n  <\/p>\n<p>\n    Concr\u00e8tement, la diversit\u00e9 des styles, du minimalisme contemporain aux inspirations asiatiques et tropicales, favorise l\u2019int\u00e9gration harmonieuse des portails floraux dans tous les contextes. Nous observons que :<\/p>\n<ul>\n<li>Les portails \u00e0 <strong>panneaux ajour\u00e9s<\/strong> enrichissent la lumi\u00e8re et projettent des ombres po\u00e9tiques sur les entr\u00e9es et les all\u00e9es.<\/li>\n<li>Les cr\u00e9ations personnalis\u00e9es, con\u00e7ues \u00e0 partir de croquis floraux r\u00e9els, cr\u00e9ent une impression de raret\u00e9, renfor\u00e7ant le caract\u00e8re d\u2019un lieu.<\/li>\n<li>Les am\u00e9nagements paysagers s\u2019articulent d\u00e9sormais autour de ces portails, l\u2019ensemble formant un <u>v\u00e9ritable parcours sensoriel<\/u> d\u00e8s le seuil du jardin.<\/li>\n<\/ul>\n<p>    Ce dynamisme s\u2019inscrit aussi dans une \u00e9volution vers la <strong>durabilit\u00e9<\/strong>, les fabricants int\u00e9grant des mat\u00e9riaux \u00e9coresponsables et des finitions r\u00e9sistantes \u00e0 l\u2019environnement ext\u00e9rieur.\n  <\/p>\n<h2>Focus sur les portails \u00e0 motif orchid\u00e9e : \u00e9l\u00e9gance et originalit\u00e9<\/h2>\n<p>\n    Les <strong>portails \u00e0 motif orchid\u00e9e<\/strong> incarnent une alliance de <strong>sophistication<\/strong> et de <u>cr\u00e9ativit\u00e9 technique<\/u> qui distingue une propri\u00e9t\u00e9 d\u00e8s le premier regard. L\u2019utilisation de la <strong>d\u00e9coupe laser<\/strong> s\u2019av\u00e8re centrale pour atteindre une pr\u00e9cision extr\u00eame, rendant justice \u00e0 la complexit\u00e9 des p\u00e9tales et des nervures caract\u00e9ristiques de l\u2019orchid\u00e9e. Cette technique, popularis\u00e9e depuis 2018 dans les ateliers de ferronnerie contemporaine, permet de travailler l\u2019<strong>aluminium thermolaqu\u00e9<\/strong> et l\u2019<strong>acier galvanis\u00e9<\/strong> pour garantir une durabilit\u00e9 optimale, m\u00eame sous les climats exigeants.\n  <\/p>\n<p>\n    Les maisons de renom telles que <strong>Art et Fer<\/strong> ou <strong>Creation Portail Design<\/strong> ont d\u00e9velopp\u00e9 des collections exclusives o\u00f9 les motifs d\u2019<strong>orchid\u00e9es suspendues<\/strong> se d\u00e9clinent en panneaux \u00e9l\u00e9gamment laqu\u00e9s. Ces mod\u00e8les s\u00e9duisent les amateurs de <strong>d\u00e9coration florale<\/strong> par :<\/p>\n<ul>\n<li>Leur capacit\u00e9 \u00e0 <u>mettre en valeur la d\u00e9licatesse des inflorescences<\/u> et \u00e0 \u00e9voquer la po\u00e9sie du jardin tropical<\/li>\n<li>La vari\u00e9t\u00e9 de finitions \u2013 du laiton patin\u00e9 pour une touche vintage \u00e0 l\u2019aluminium noir mat pour une esth\u00e9tique contemporaine<\/li>\n<li>L\u2019int\u00e9gration de <strong>modules LED<\/strong> pour sublimer les reliefs et jeux d\u2019ombres la nuit<\/li>\n<\/ul>\n<p>    Ces mod\u00e8les iconiques, r\u00e9f\u00e9renc\u00e9s sur les plateformes de design et dans les catalogues sp\u00e9cialis\u00e9s, s\u2019inscrivent dans la tendance du <strong>luxe v\u00e9g\u00e9tal<\/strong> o\u00f9 la nature devient une signature visuelle forte du b\u00e2ti.\n  <\/p>\n<h2>Portails et cl\u00f4tures haut de gamme : int\u00e9gration des plantes d\u2019exception<\/h2>\n<p>\n    Le march\u00e9 du <strong>haut de gamme<\/strong> ne cesse d\u2019innover pour faire du portail un <u>\u00e9l\u00e9ment de dialogue entre l\u2019architecture et le vivant<\/u>. L\u2019int\u00e9gration de <strong>plantes rares<\/strong> et d\u2019<strong>orchid\u00e9es spectaculaires<\/strong> dans la structure m\u00eame du portail repousse les fronti\u00e8res traditionnelles de la cl\u00f4ture. Certains mod\u00e8les de la marque <strong>Verde Profilo<\/strong>, r\u00e9put\u00e9e pour ses murs v\u00e9g\u00e9taux, proposent des portails dot\u00e9s de modules destin\u00e9s \u00e0 accueillir des <strong>orchid\u00e9es Vanda<\/strong> ou des compositions de <strong>plantes tropicales<\/strong> install\u00e9es sur des treillis m\u00e9talliques robustes.\n  <\/p>\n<p>\n    Les innovations r\u00e9centes incluent :<\/p>\n<ul>\n<li>L\u2019association entre <strong>cadres en acier corten<\/strong> et <strong>poches horticoles<\/strong> irrigu\u00e9es pour permettre la croissance de v\u00e9g\u00e9taux d\u00e9licats.<\/li>\n<li>Des syst\u00e8mes d\u2019<strong>arrosage automatis\u00e9<\/strong> int\u00e9gr\u00e9s, dissimul\u00e9s \u00e0 l\u2019int\u00e9rieur du portail pour maintenir l\u2019humidit\u00e9 optimale des esp\u00e8ces rares.<\/li>\n<li>L\u2019option de <u>modules amovibles<\/u> pour renouveler la composition florale au gr\u00e9 des saisons ou des envies d\u00e9coratives.<\/li>\n<\/ul>\n<p>    Ce niveau de personnalisation sublime l\u2019entr\u00e9e en affirmant la passion du propri\u00e9taire pour la biodiversit\u00e9 et l\u2019<strong>art du jardin d\u2019exception<\/strong>.\n  <\/p>\n<h2>Zoom sur les esp\u00e8ces d\u2019orchid\u00e9es les plus pris\u00e9es en d\u00e9co<\/h2>\n<p>\n    Les <strong>orchid\u00e9es<\/strong> occupent une place de choix dans la sc\u00e9nographie des portails raffin\u00e9s, chaque vari\u00e9t\u00e9 apportant une aura et une symbolique bien sp\u00e9cifiques. Les esp\u00e8ces les plus pris\u00e9es par les designers d\u2019ext\u00e9rieur allient <u>coloris spectaculaires<\/u> et <strong>formes architecturales<\/strong> uniques, cr\u00e9ant un effet visuel exceptionnel \u00e0 l\u2019entr\u00e9e d\u2019une propri\u00e9t\u00e9.\n  <\/p>\n<p>\n    Les vari\u00e9t\u00e9s d\u2019orchid\u00e9es les plus repr\u00e9sent\u00e9es incluent :<\/p>\n<ul>\n<li><strong>Phalaenopsis<\/strong> : appr\u00e9ci\u00e9e pour ses fleurs g\u00e9n\u00e9reuses, sa palette allant du blanc pur au pourpre profond et sa <u>r\u00e9sistance accrue en ext\u00e9rieur<\/u>.<\/li>\n<li><strong>Vanda<\/strong> : c\u00e9l\u00e8bres pour leurs racines a\u00e9riennes, leurs inflorescences volumineuses et leurs couleurs intenses, souvent install\u00e9es en suspension pour des compositions spectaculaires.<\/li>\n<li><strong>Dendrobium<\/strong> : choisie pour la finesse de ses tiges et la l\u00e9g\u00e8re transparence de ses p\u00e9tales, id\u00e9ale pour souligner des portails \u00e0 d\u00e9coupe fine.<\/li>\n<li><strong>Cymbidium<\/strong> : convoit\u00e9e pour la robustesse de ses hampes florales et la long\u00e9vit\u00e9 de sa floraison, tr\u00e8s utilis\u00e9e dans les entr\u00e9es prestigieuses.<\/li>\n<li><strong>Orchid\u00e9e bijou (Ludisia discolor)<\/strong> : reconnue pour ses feuilles vert vif et brillantes, elle joue la carte de l\u2019originalit\u00e9 par sa structure foliaire unique.<\/li>\n<\/ul>\n<p>    <u>Chaque vari\u00e9t\u00e9<\/u> est choisie non seulement pour son esth\u00e9tique mais aussi pour sa capacit\u00e9 d\u2019adaptation \u00e0 l\u2019environnement de l\u2019entr\u00e9e, sa raret\u00e9 et sa facilit\u00e9 d\u2019entretien dans des contextes d\u2019am\u00e9nagement sophistiqu\u00e9s.\n  <\/p>\n<h2>Conseils pour harmoniser portail, plantes et style architectural<\/h2>\n<p>\n    R\u00e9ussir l\u2019association entre un <strong>portail \u00e0 motifs floraux<\/strong> et le style architectural du b\u00e2ti suppose une analyse fine de la lumi\u00e8re, des couleurs et des caract\u00e9ristiques de l\u2019espace. L\u2019objectif est de cr\u00e9er une <u>harmonie visuelle et sensorielle<\/u>, aboutissant \u00e0 une exp\u00e9rience immersive d\u00e8s le seuil franchi. Il convient, selon notre exp\u00e9rience, d\u2019adopter des m\u00e9thodes raisonn\u00e9es et de privil\u00e9gier la qualit\u00e9 et la coh\u00e9rence des \u00e9l\u00e9ments.\n  <\/p>\n<p>\n    Pour guider ce choix :<\/p>\n<ul>\n<li>\u00c9valuer l\u2019<strong>exposition<\/strong> du portail et s\u00e9lectionner des plantes adapt\u00e9es \u00e0 la luminosit\u00e9 (certaines orchid\u00e9es, telle la Phalaenopsis, tol\u00e8rent la mi-ombre, la Vanda exige davantage de lumi\u00e8re).<\/li>\n<li>Associer les <strong>motifs ajour\u00e9s<\/strong> \u00e0 une <u>palette v\u00e9g\u00e9tale compl\u00e9mentaire<\/u> : par exemple, un portail \u00e0 motifs d\u2019orchid\u00e9es blanches s\u2019accorde parfaitement avec un massif de foug\u00e8res ou de philodendrons rares.<\/li>\n<li>Veiller \u00e0 la <strong>coh\u00e9rence entre mat\u00e9riaux<\/strong> : l\u2019aluminium bross\u00e9 rehausse l\u2019\u00e9l\u00e9gance d\u2019une entr\u00e9e contemporaine, tandis que l\u2019acier patin\u00e9 s\u2019inscrit plus naturellement dans une ambiance jardin romantique ou exotique.<\/li>\n<li>Penser au rythme des saisons en int\u00e9grant des esp\u00e8ces \u00e0 floraison d\u00e9cal\u00e9e pour garantir un <u>int\u00e9r\u00eat visuel continu<\/u>.<\/li>\n<\/ul>\n<p>    Ce souci du d\u00e9tail, alli\u00e9 \u00e0 des inspirations puis\u00e9es dans les r\u00e9alisations de paysagistes d\u2019avant-garde, offre la certitude d\u2019un portail distinctif, valorisant chaque propri\u00e9t\u00e9 et affirmant une passion pour le v\u00e9g\u00e9tal rare.\n  <\/p>\n","protected":false},"excerpt":{"rendered":"","protected":false},"author":41,"featured_media":7735,"comment_status":"open","ping_status":"open","sticky":false,"template":"","format":"standard","meta":{"_acf_changed":false,"manual_indexmenow":false,"indexmenow_id_project":0,"footnotes":""},"categories":[1],"tags":[4543,4699,4698],"class_list":["post-7685","post","type-post","status-publish","format-standard","has-post-thumbnail","hentry","category-a-la-une","tag-decoration-interieure","tag-plantes-rares","tag-portails-design","generate-columns","tablet-grid-50","mobile-grid-100","grid-parent","grid-25"],"acf":[],"yoast_head":"<!-- This site is optimized with the Yoast SEO Premium plugin v21.3 (Yoast SEO v26.5) - https:\/\/yoast.com\/wordpress\/plugins\/seo\/ -->\n<title>D\u00e9coration int\u00e9rieure : les portails inspir\u00e9s<\/title>\n<meta name=\"description\" content=\"D\u00e9coration int\u00e9rieure : les portails inspir\u00e9s par les orchid\u00e9es et plantes raresTendances design : l\u2019essor du portail v\u00e9g\u00e9tal L\u2019attrait croissant\u2026\" \/>\n<meta name=\"robots\" content=\"index, follow, max-snippet:-1, max-image-preview:large, max-video-preview:-1\" \/>\n<link rel=\"canonical\" href=\"https:\/\/orchidays.fr\/blog\/a-la-une\/decoration-interieure-les-portails-inspires-par-les-orchidees-et-plantes-rares\/\" \/>\n<meta property=\"og:locale\" content=\"fr_FR\" \/>\n<meta property=\"og:type\" content=\"article\" \/>\n<meta property=\"og:title\" content=\"D\u00e9coration int\u00e9rieure : les portails inspir\u00e9s\" \/>\n<meta property=\"og:description\" content=\"D\u00e9coration int\u00e9rieure : les portails inspir\u00e9s par les orchid\u00e9es et plantes raresTendances design : l\u2019essor du portail v\u00e9g\u00e9tal L\u2019attrait croissant\u2026\" \/>\n<meta property=\"og:url\" content=\"https:\/\/orchidays.fr\/blog\/a-la-une\/decoration-interieure-les-portails-inspires-par-les-orchidees-et-plantes-rares\/\" \/>\n<meta property=\"og:site_name\" content=\"orchidays\" \/>\n<meta property=\"og:image\" content=\"https:\/\/orchidays.fr\/blog\/wp-content\/uploads\/2025\/07\/sdxl-2734de3dcddd43aba4f5bd495d09746b-scaled.png\" \/>\n\t<meta property=\"og:image:width\" content=\"1200\" \/>\n\t<meta property=\"og:image:height\" content=\"500\" \/>\n\t<meta property=\"og:image:type\" content=\"image\/png\" \/>\n<meta name=\"author\" content=\"Marie Devaux\" \/>\n<meta name=\"twitter:card\" content=\"summary_large_image\" \/>\n<script type=\"application\/ld+json\" class=\"yoast-schema-graph\">{\"@context\":\"https:\/\/schema.org\",\"@graph\":[{\"@type\":\"NewsArticle\",\"@id\":\"https:\/\/orchidays.fr\/blog\/a-la-une\/decoration-interieure-les-portails-inspires-par-les-orchidees-et-plantes-rares\/#article\",\"isPartOf\":{\"@id\":\"https:\/\/orchidays.fr\/blog\/a-la-une\/decoration-interieure-les-portails-inspires-par-les-orchidees-et-plantes-rares\/\"},\"author\":{\"name\":\"Marie Devaux\",\"@id\":\"https:\/\/orchidays.fr\/blog\/#\/schema\/person\/7d6c3c19d769934f043bdc9bb29c407a\"},\"headline\":\"D\u00e9coration int\u00e9rieure : les portails inspir\u00e9s par les orchid\u00e9es et plantes rares\",\"datePublished\":\"2025-06-14T20:22:55+00:00\",\"mainEntityOfPage\":{\"@id\":\"https:\/\/orchidays.fr\/blog\/a-la-une\/decoration-interieure-les-portails-inspires-par-les-orchidees-et-plantes-rares\/\"},\"wordCount\":1224,\"commentCount\":0,\"publisher\":{\"@id\":\"https:\/\/orchidays.fr\/blog\/#organization\"},\"image\":{\"@id\":\"https:\/\/orchidays.fr\/blog\/a-la-une\/decoration-interieure-les-portails-inspires-par-les-orchidees-et-plantes-rares\/#primaryimage\"},\"thumbnailUrl\":\"https:\/\/orchidays.fr\/blog\/wp-content\/uploads\/2025\/07\/sdxl-2734de3dcddd43aba4f5bd495d09746b-scaled.png\",\"keywords\":[\"D\u00e9coration int\u00e9rieure\",\"plantes rares\",\"portails design\"],\"articleSection\":[\"\u00c0 la une\"],\"inLanguage\":\"fr-FR\",\"potentialAction\":[{\"@type\":\"CommentAction\",\"name\":\"Comment\",\"target\":[\"https:\/\/orchidays.fr\/blog\/a-la-une\/decoration-interieure-les-portails-inspires-par-les-orchidees-et-plantes-rares\/#respond\"]}]},{\"@type\":\"WebPage\",\"@id\":\"https:\/\/orchidays.fr\/blog\/a-la-une\/decoration-interieure-les-portails-inspires-par-les-orchidees-et-plantes-rares\/\",\"url\":\"https:\/\/orchidays.fr\/blog\/a-la-une\/decoration-interieure-les-portails-inspires-par-les-orchidees-et-plantes-rares\/\",\"name\":\"D\u00e9coration int\u00e9rieure : les portails inspir\u00e9s\",\"isPartOf\":{\"@id\":\"https:\/\/orchidays.fr\/blog\/#website\"},\"primaryImageOfPage\":{\"@id\":\"https:\/\/orchidays.fr\/blog\/a-la-une\/decoration-interieure-les-portails-inspires-par-les-orchidees-et-plantes-rares\/#primaryimage\"},\"image\":{\"@id\":\"https:\/\/orchidays.fr\/blog\/a-la-une\/decoration-interieure-les-portails-inspires-par-les-orchidees-et-plantes-rares\/#primaryimage\"},\"thumbnailUrl\":\"https:\/\/orchidays.fr\/blog\/wp-content\/uploads\/2025\/07\/sdxl-2734de3dcddd43aba4f5bd495d09746b-scaled.png\",\"datePublished\":\"2025-06-14T20:22:55+00:00\",\"description\":\"D\u00e9coration int\u00e9rieure : les portails inspir\u00e9s par les orchid\u00e9es et plantes raresTendances design : l\u2019essor du portail v\u00e9g\u00e9tal L\u2019attrait croissant\u2026\",\"inLanguage\":\"fr-FR\",\"potentialAction\":[{\"@type\":\"ReadAction\",\"target\":[\"https:\/\/orchidays.fr\/blog\/a-la-une\/decoration-interieure-les-portails-inspires-par-les-orchidees-et-plantes-rares\/\"]}]},{\"@type\":\"ImageObject\",\"inLanguage\":\"fr-FR\",\"@id\":\"https:\/\/orchidays.fr\/blog\/a-la-une\/decoration-interieure-les-portails-inspires-par-les-orchidees-et-plantes-rares\/#primaryimage\",\"url\":\"https:\/\/orchidays.fr\/blog\/wp-content\/uploads\/2025\/07\/sdxl-2734de3dcddd43aba4f5bd495d09746b-scaled.png\",\"contentUrl\":\"https:\/\/orchidays.fr\/blog\/wp-content\/uploads\/2025\/07\/sdxl-2734de3dcddd43aba4f5bd495d09746b-scaled.png\",\"width\":1200,\"height\":500},{\"@type\":\"WebSite\",\"@id\":\"https:\/\/orchidays.fr\/blog\/#website\",\"url\":\"https:\/\/orchidays.fr\/blog\/\",\"name\":\"Orchidays\",\"description\":\"La beaut\u00e9 d\u00e9licate des orchid\u00e9es.\",\"publisher\":{\"@id\":\"https:\/\/orchidays.fr\/blog\/#organization\"},\"alternateName\":\"La beaut\u00e9 d\u00e9licate des orchid\u00e9es.\",\"potentialAction\":[{\"@type\":\"SearchAction\",\"target\":{\"@type\":\"EntryPoint\",\"urlTemplate\":\"https:\/\/orchidays.fr\/blog\/?s={search_term_string}\"},\"query-input\":{\"@type\":\"PropertyValueSpecification\",\"valueRequired\":true,\"valueName\":\"search_term_string\"}}],\"inLanguage\":\"fr-FR\"},{\"@type\":[\"Organization\",\"NewsMediaOrganization\"],\"@id\":\"https:\/\/orchidays.fr\/blog\/#organization\",\"name\":\"Orchidays\",\"alternateName\":\"Orchidays \u2014 Le m\u00e9dia des passionn\u00e9s d orchid\u00e9es\",\"url\":\"https:\/\/orchidays.fr\/blog\/\",\"logo\":{\"@type\":\"ImageObject\",\"inLanguage\":\"fr-FR\",\"@id\":\"https:\/\/orchidays.fr\/blog\/#\/schema\/logo\/image\/\",\"url\":\"https:\/\/orchidays.fr\/blog\/wp-content\/uploads\/2024\/12\/Orchidays.png\",\"contentUrl\":\"https:\/\/orchidays.fr\/blog\/wp-content\/uploads\/2024\/12\/Orchidays.png\",\"width\":500,\"height\":500,\"caption\":\"Orchidays\"},\"image\":{\"@id\":\"https:\/\/orchidays.fr\/blog\/#\/schema\/logo\/image\/\"},\"publishingPrinciples\":\"https:\/\/orchidays.fr\/blog\/charte-editoriale\/\",\"ethicsPolicy\":\"https:\/\/orchidays.fr\/blog\/charte-editoriale\/\",\"actionableFeedbackPolicy\":\"https:\/\/orchidays.fr\/blog\/contact\/\",\"foundingDate\":\"2025-01-01\"},{\"@type\":\"Person\",\"@id\":\"https:\/\/orchidays.fr\/blog\/#\/schema\/person\/7d6c3c19d769934f043bdc9bb29c407a\",\"name\":\"Marie Devaux\",\"image\":{\"@type\":\"ImageObject\",\"inLanguage\":\"fr-FR\",\"@id\":\"https:\/\/orchidays.fr\/blog\/#\/schema\/person\/image\/\",\"url\":\"https:\/\/secure.gravatar.com\/avatar\/?s=96&d=mm&r=g\",\"contentUrl\":\"https:\/\/secure.gravatar.com\/avatar\/?s=96&d=mm&r=g\",\"caption\":\"Marie Devaux\"},\"description\":\"La d\u00e9coration d'int\u00e9rieur est mon univers depuis plus de dix ans, du conseil en agencement \u00e0 l'\u00e9criture \u00e9ditoriale. Je me consacre surtout \u00e0 l'am\u00e9nagement des pi\u00e8ces de vie : choix du canap\u00e9 selon l'espace et l'usage, harmonie des couleurs, circulation, lumi\u00e8re naturelle et petites astuces qui rendent un salon vraiment accueillant. J'aime traiter la d\u00e9co comme un sujet concret, avec des fourchettes de prix r\u00e9alistes et des crit\u00e8res mesurables plut\u00f4t que des effets de mode. Avant de recommander un meuble ou une mati\u00e8re, je compare les mod\u00e8les, je v\u00e9rifie l'entretien dans la dur\u00e9e et je pense au quotidien des familles, enfants et animaux compris. Mon angle : un int\u00e9rieur qui se vit, pas seulement qui se photographie. Je tiens \u00e0 ce que chaque conseil soit applicable, que l'on r\u00e9nove un studio ou que l'on meuble une grande maison.\",\"sameAs\":[\"https:\/\/mariedevaux.fr\/\"],\"url\":\"https:\/\/orchidays.fr\/blog\/auteur\/marie-d\/\"}]}<\/script>\n<!-- \/ Yoast SEO Premium plugin. -->","yoast_head_json":{"title":"D\u00e9coration int\u00e9rieure : les portails inspir\u00e9s","description":"D\u00e9coration int\u00e9rieure : les portails inspir\u00e9s par les orchid\u00e9es et plantes raresTendances design : l\u2019essor du portail v\u00e9g\u00e9tal L\u2019attrait croissant\u2026","robots":{"index":"index","follow":"follow","max-snippet":"max-snippet:-1","max-image-preview":"max-image-preview:large","max-video-preview":"max-video-preview:-1"},"canonical":"https:\/\/orchidays.fr\/blog\/a-la-une\/decoration-interieure-les-portails-inspires-par-les-orchidees-et-plantes-rares\/","og_locale":"fr_FR","og_type":"article","og_title":"D\u00e9coration int\u00e9rieure : les portails inspir\u00e9s","og_description":"D\u00e9coration int\u00e9rieure : les portails inspir\u00e9s par les orchid\u00e9es et plantes raresTendances design : l\u2019essor du portail v\u00e9g\u00e9tal L\u2019attrait croissant\u2026","og_url":"https:\/\/orchidays.fr\/blog\/a-la-une\/decoration-interieure-les-portails-inspires-par-les-orchidees-et-plantes-rares\/","og_site_name":"orchidays","og_image":[{"width":1200,"height":500,"url":"https:\/\/orchidays.fr\/blog\/wp-content\/uploads\/2025\/07\/sdxl-2734de3dcddd43aba4f5bd495d09746b-scaled.png","type":"image\/png"}],"author":"Marie Devaux","twitter_card":"summary_large_image","schema":{"@context":"https:\/\/schema.org","@graph":[{"@type":"NewsArticle","@id":"https:\/\/orchidays.fr\/blog\/a-la-une\/decoration-interieure-les-portails-inspires-par-les-orchidees-et-plantes-rares\/#article","isPartOf":{"@id":"https:\/\/orchidays.fr\/blog\/a-la-une\/decoration-interieure-les-portails-inspires-par-les-orchidees-et-plantes-rares\/"},"author":{"name":"Marie Devaux","@id":"https:\/\/orchidays.fr\/blog\/#\/schema\/person\/7d6c3c19d769934f043bdc9bb29c407a"},"headline":"D\u00e9coration int\u00e9rieure : les portails inspir\u00e9s par les orchid\u00e9es et plantes rares","datePublished":"2025-06-14T20:22:55+00:00","mainEntityOfPage":{"@id":"https:\/\/orchidays.fr\/blog\/a-la-une\/decoration-interieure-les-portails-inspires-par-les-orchidees-et-plantes-rares\/"},"wordCount":1224,"commentCount":0,"publisher":{"@id":"https:\/\/orchidays.fr\/blog\/#organization"},"image":{"@id":"https:\/\/orchidays.fr\/blog\/a-la-une\/decoration-interieure-les-portails-inspires-par-les-orchidees-et-plantes-rares\/#primaryimage"},"thumbnailUrl":"https:\/\/orchidays.fr\/blog\/wp-content\/uploads\/2025\/07\/sdxl-2734de3dcddd43aba4f5bd495d09746b-scaled.png","keywords":["D\u00e9coration int\u00e9rieure","plantes rares","portails design"],"articleSection":["\u00c0 la une"],"inLanguage":"fr-FR","potentialAction":[{"@type":"CommentAction","name":"Comment","target":["https:\/\/orchidays.fr\/blog\/a-la-une\/decoration-interieure-les-portails-inspires-par-les-orchidees-et-plantes-rares\/#respond"]}]},{"@type":"WebPage","@id":"https:\/\/orchidays.fr\/blog\/a-la-une\/decoration-interieure-les-portails-inspires-par-les-orchidees-et-plantes-rares\/","url":"https:\/\/orchidays.fr\/blog\/a-la-une\/decoration-interieure-les-portails-inspires-par-les-orchidees-et-plantes-rares\/","name":"D\u00e9coration int\u00e9rieure : les portails inspir\u00e9s","isPartOf":{"@id":"https:\/\/orchidays.fr\/blog\/#website"},"primaryImageOfPage":{"@id":"https:\/\/orchidays.fr\/blog\/a-la-une\/decoration-interieure-les-portails-inspires-par-les-orchidees-et-plantes-rares\/#primaryimage"},"image":{"@id":"https:\/\/orchidays.fr\/blog\/a-la-une\/decoration-interieure-les-portails-inspires-par-les-orchidees-et-plantes-rares\/#primaryimage"},"thumbnailUrl":"https:\/\/orchidays.fr\/blog\/wp-content\/uploads\/2025\/07\/sdxl-2734de3dcddd43aba4f5bd495d09746b-scaled.png","datePublished":"2025-06-14T20:22:55+00:00","description":"D\u00e9coration int\u00e9rieure : les portails inspir\u00e9s par les orchid\u00e9es et plantes raresTendances design : l\u2019essor du portail v\u00e9g\u00e9tal L\u2019attrait croissant\u2026","inLanguage":"fr-FR","potentialAction":[{"@type":"ReadAction","target":["https:\/\/orchidays.fr\/blog\/a-la-une\/decoration-interieure-les-portails-inspires-par-les-orchidees-et-plantes-rares\/"]}]},{"@type":"ImageObject","inLanguage":"fr-FR","@id":"https:\/\/orchidays.fr\/blog\/a-la-une\/decoration-interieure-les-portails-inspires-par-les-orchidees-et-plantes-rares\/#primaryimage","url":"https:\/\/orchidays.fr\/blog\/wp-content\/uploads\/2025\/07\/sdxl-2734de3dcddd43aba4f5bd495d09746b-scaled.png","contentUrl":"https:\/\/orchidays.fr\/blog\/wp-content\/uploads\/2025\/07\/sdxl-2734de3dcddd43aba4f5bd495d09746b-scaled.png","width":1200,"height":500},{"@type":"WebSite","@id":"https:\/\/orchidays.fr\/blog\/#website","url":"https:\/\/orchidays.fr\/blog\/","name":"Orchidays","description":"La beaut\u00e9 d\u00e9licate des orchid\u00e9es.","publisher":{"@id":"https:\/\/orchidays.fr\/blog\/#organization"},"alternateName":"La beaut\u00e9 d\u00e9licate des orchid\u00e9es.","potentialAction":[{"@type":"SearchAction","target":{"@type":"EntryPoint","urlTemplate":"https:\/\/orchidays.fr\/blog\/?s={search_term_string}"},"query-input":{"@type":"PropertyValueSpecification","valueRequired":true,"valueName":"search_term_string"}}],"inLanguage":"fr-FR"},{"@type":["Organization","NewsMediaOrganization"],"@id":"https:\/\/orchidays.fr\/blog\/#organization","name":"Orchidays","alternateName":"Orchidays \u2014 Le m\u00e9dia des passionn\u00e9s d orchid\u00e9es","url":"https:\/\/orchidays.fr\/blog\/","logo":{"@type":"ImageObject","inLanguage":"fr-FR","@id":"https:\/\/orchidays.fr\/blog\/#\/schema\/logo\/image\/","url":"https:\/\/orchidays.fr\/blog\/wp-content\/uploads\/2024\/12\/Orchidays.png","contentUrl":"https:\/\/orchidays.fr\/blog\/wp-content\/uploads\/2024\/12\/Orchidays.png","width":500,"height":500,"caption":"Orchidays"},"image":{"@id":"https:\/\/orchidays.fr\/blog\/#\/schema\/logo\/image\/"},"publishingPrinciples":"https:\/\/orchidays.fr\/blog\/charte-editoriale\/","ethicsPolicy":"https:\/\/orchidays.fr\/blog\/charte-editoriale\/","actionableFeedbackPolicy":"https:\/\/orchidays.fr\/blog\/contact\/","foundingDate":"2025-01-01"},{"@type":"Person","@id":"https:\/\/orchidays.fr\/blog\/#\/schema\/person\/7d6c3c19d769934f043bdc9bb29c407a","name":"Marie Devaux","image":{"@type":"ImageObject","inLanguage":"fr-FR","@id":"https:\/\/orchidays.fr\/blog\/#\/schema\/person\/image\/","url":"https:\/\/secure.gravatar.com\/avatar\/?s=96&d=mm&r=g","contentUrl":"https:\/\/secure.gravatar.com\/avatar\/?s=96&d=mm&r=g","caption":"Marie Devaux"},"description":"La d\u00e9coration d'int\u00e9rieur est mon univers depuis plus de dix ans, du conseil en agencement \u00e0 l'\u00e9criture \u00e9ditoriale. Je me consacre surtout \u00e0 l'am\u00e9nagement des pi\u00e8ces de vie : choix du canap\u00e9 selon l'espace et l'usage, harmonie des couleurs, circulation, lumi\u00e8re naturelle et petites astuces qui rendent un salon vraiment accueillant. J'aime traiter la d\u00e9co comme un sujet concret, avec des fourchettes de prix r\u00e9alistes et des crit\u00e8res mesurables plut\u00f4t que des effets de mode. Avant de recommander un meuble ou une mati\u00e8re, je compare les mod\u00e8les, je v\u00e9rifie l'entretien dans la dur\u00e9e et je pense au quotidien des familles, enfants et animaux compris. Mon angle : un int\u00e9rieur qui se vit, pas seulement qui se photographie. Je tiens \u00e0 ce que chaque conseil soit applicable, que l'on r\u00e9nove un studio ou que l'on meuble une grande maison.","sameAs":["https:\/\/mariedevaux.fr\/"],"url":"https:\/\/orchidays.fr\/blog\/auteur\/marie-d\/"}]}},"_links":{"self":[{"href":"https:\/\/orchidays.fr\/blog\/wp-json\/wp\/v2\/posts\/7685","targetHints":{"allow":["GET"]}}],"collection":[{"href":"https:\/\/orchidays.fr\/blog\/wp-json\/wp\/v2\/posts"}],"about":[{"href":"https:\/\/orchidays.fr\/blog\/wp-json\/wp\/v2\/types\/post"}],"author":[{"embeddable":true,"href":"https:\/\/orchidays.fr\/blog\/wp-json\/wp\/v2\/users\/41"}],"replies":[{"embeddable":true,"href":"https:\/\/orchidays.fr\/blog\/wp-json\/wp\/v2\/comments?post=7685"}],"version-history":[{"count":0,"href":"https:\/\/orchidays.fr\/blog\/wp-json\/wp\/v2\/posts\/7685\/revisions"}],"wp:featuredmedia":[{"embeddable":true,"href":"https:\/\/orchidays.fr\/blog\/wp-json\/wp\/v2\/media\/7735"}],"wp:attachment":[{"href":"https:\/\/orchidays.fr\/blog\/wp-json\/wp\/v2\/media?parent=7685"}],"wp:term":[{"taxonomy":"category","embeddable":true,"href":"https:\/\/orchidays.fr\/blog\/wp-json\/wp\/v2\/categories?post=7685"},{"taxonomy":"post_tag","embeddable":true,"href":"https:\/\/orchidays.fr\/blog\/wp-json\/wp\/v2\/tags?post=7685"}],"curies":[{"name":"wp","href":"https:\/\/api.w.org\/{rel}","templated":true}]}}