{"id":7572,"date":"2025-02-09T15:21:00","date_gmt":"2025-02-09T14:21:00","guid":{"rendered":"https:\/\/orchidays.fr\/blog\/?p=7572"},"modified":"2025-02-08T15:03:26","modified_gmt":"2025-02-08T14:03:26","slug":"tout-savoir-sur-lorchidee-frontignan-caracteristiques-et-culture","status":"publish","type":"post","link":"https:\/\/orchidays.fr\/blog\/a-la-une\/tout-savoir-sur-lorchidee-frontignan-caracteristiques-et-culture\/","title":{"rendered":"Tout savoir sur l&rsquo;orchid\u00e9e Frontignan : caract\u00e9ristiques et culture"},"content":{"rendered":"<h2>Introduction : L&rsquo;orchid\u00e9e Frontignan, une beaut\u00e9 rare<\/h2>\n<p>Parmi elles, l&rsquo;orchid\u00e9e Frontignan se distingue par ses particularit\u00e9s. Pourquoi cette plante devient-elle un choix privil\u00e9gi\u00e9 pour de nombreux amateurs de jardinage ? Quelles sont ses sp\u00e9cificit\u00e9s et comment peut-on l&rsquo;int\u00e9grer dans son environnement ? Cet article r\u00e9pondra \u00e0 ces questions tout en vous fournissant des conseils pratiques pour sa culture.<\/p>\n<h2>Caract\u00e9ristiques de l&rsquo;orchid\u00e9e Frontignan<\/h2>\n<p>L&rsquo;orchid\u00e9e Frontignan, connue pour son parfum envo\u00fbtant, poss\u00e8de une beaut\u00e9 qui attire de nombreux passionn\u00e9s. Voici quelques-unes de ses caract\u00e9ristiques les plus notables :<\/p>\n<blockquote class=\"wp-embedded-content\" data-secret=\"huvlIbcS04\"><p><a href=\"https:\/\/orchidays.fr\/blog\/a-la-une\/les-orchidees-dexception-un-voyage-a-travers-leur-beaute-et-leur-rarete\/\">Les orchid\u00e9es d&rsquo;exception : un voyage \u00e0 travers leur beaut\u00e9 et leur raret\u00e9<\/a><\/p><\/blockquote>\n<p><iframe loading=\"lazy\" class=\"wp-embedded-content\" sandbox=\"allow-scripts\" security=\"restricted\" style=\"position: absolute; visibility: hidden;\" title=\"\u00ab\u00a0Les orchid\u00e9es d&rsquo;exception : un voyage \u00e0 travers leur beaut\u00e9 et leur raret\u00e9\u00a0\u00bb &#8212; orchidays\" src=\"https:\/\/orchidays.fr\/blog\/a-la-une\/les-orchidees-dexception-un-voyage-a-travers-leur-beaute-et-leur-rarete\/embed\/#?secret=5FM6RYsoHW#?secret=huvlIbcS04\" data-secret=\"huvlIbcS04\" width=\"600\" height=\"338\" frameborder=\"0\" marginwidth=\"0\" marginheight=\"0\" scrolling=\"no\"><\/iframe><\/p>\n<ul>\n<li><strong>Fleurs :<\/strong> Ses fleurs sont g\u00e9n\u00e9ralement de couleur blanche avec des nuances roses, et s&rsquo;\u00e9panouissent en grappes.<\/li>\n<li><strong>Feuillage :<\/strong> Le feuillage est \u00e9pais et vert, offrant un contraste agr\u00e9able avec les fleurs.<\/li>\n<li><strong>Habitat :<\/strong> Cette orchid\u00e9e pr\u00e9f\u00e8re les milieux humides et ombrag\u00e9s, ce qui en fait un choix id\u00e9al pour les jardins d&rsquo;ombre.<\/li>\n<\/ul>\n<p>Pour mieux appr\u00e9cier cette plante, il est essentiel de conna\u00eetre ses besoins. Un bon entretien garantit des floraisons abondantes et durables.<\/p>\n<h2>Conditions de culture de l&rsquo;orchid\u00e9e Frontignan<\/h2>\n<p>Pour cultiver l&rsquo;orchid\u00e9e Frontignan avec succ\u00e8s, il est crucial de respecter certaines conditions. Voici un guide pratique :<img width=\"1024\" height=\"576\" src=\"https:\/\/orchidays.fr\/blog\/wp-content\/uploads\/2025\/02\/stability-tout-savoir-sur-lorchidee-frontignan-caracteristiques-et-culture-1.png\" class=\"aligncenter\" alt=\"Illustration d\u00e9taill\u00e9e sur Tout savoir sur l&#039;orchid\u00e9e Frontignan : caract\u00e9ristiques et culture\" title=\"Tout savoir sur l&#039;orchid\u00e9e Frontignan : caract\u00e9ristiques et culture\" decoding=\"async\" loading=\"lazy\" \/><\/p>\n<li><strong>Choisir l&#8217;emplacement :<\/strong> S\u00e9lectionnez un endroit ombrag\u00e9, \u00e0 l&rsquo;abri des rayons directs du soleil.<\/li>\n<li><strong>Pr\u00e9parer le sol :<\/strong> Utilisez un terreau l\u00e9ger et bien drain\u00e9, enrichi de mati\u00e8res organiques.<\/li>\n<li><strong>Arrosage :<\/strong> Arrosez mod\u00e9r\u00e9ment en veillant \u00e0 ne pas d\u00e9tremper les racines. Un sol humide est pr\u00e9f\u00e9rable, mais l&rsquo;exc\u00e8s d&rsquo;eau peut \u00eatre fatal.<\/li>\n<li><strong>Fertilisation :<\/strong> Appliquez un engrais sp\u00e9cifique pour orchid\u00e9es tous les mois durant la p\u00e9riode de croissance.<\/li>\n<p>En suivant ces \u00e9tapes, vous maximiserez vos chances de r\u00e9ussir la culture de cette magnifique orchid\u00e9e.<\/p>\n<blockquote class=\"wp-embedded-content\" data-secret=\"DKWqifmsQg\"><p><a href=\"https:\/\/orchidays.fr\/blog\/a-la-une\/tout-savoir-sur-lorchidee-frontignan-culture-et-caracteristiques\/\">Tout savoir sur l&rsquo;orchid\u00e9e Frontignan : culture et caract\u00e9ristiques<\/a><\/p><\/blockquote>\n<p><iframe loading=\"lazy\" class=\"wp-embedded-content\" sandbox=\"allow-scripts\" security=\"restricted\" style=\"position: absolute; visibility: hidden;\" title=\"\u00ab\u00a0Tout savoir sur l&rsquo;orchid\u00e9e Frontignan : culture et caract\u00e9ristiques\u00a0\u00bb &#8212; orchidays\" src=\"https:\/\/orchidays.fr\/blog\/a-la-une\/tout-savoir-sur-lorchidee-frontignan-culture-et-caracteristiques\/embed\/#?secret=LeoteAEbvS#?secret=DKWqifmsQg\" data-secret=\"DKWqifmsQg\" width=\"600\" height=\"338\" frameborder=\"0\" marginwidth=\"0\" marginheight=\"0\" scrolling=\"no\"><\/iframe><\/p>\n<h2>Impact \u00e9cologique et esth\u00e9tique de l&rsquo;orchid\u00e9e Frontignan<\/h2>\n<p>Les orchid\u00e9es, notamment la Frontignan, jouent un r\u00f4le essentiel dans l&rsquo;\u00e9cosyst\u00e8me. Elles attirent divers pollinisateurs, contribuant ainsi \u00e0 la biodiversit\u00e9. De plus, leur pr\u00e9sence embellit les jardins et espaces verts.<\/p>\n<blockquote>\n<p>\u00ab\u00a0Les fleurs d&rsquo;orchid\u00e9es apportent une touche de gr\u00e2ce et de raffinement \u00e0 tout jardin.\u00a0\u00bb &#8211; Jardinier passionn\u00e9<\/p>\n<\/blockquote>\n<p>Dans un monde o\u00f9 la nature est souvent n\u00e9glig\u00e9e, cultiver des orchid\u00e9es comme la Frontignan permet de red\u00e9couvrir la beaut\u00e9 de notre environnement. Non seulement elles embellissent, mais elles am\u00e9liorent \u00e9galement l&rsquo;air ambiant.<\/p>\n<h2>Tableau r\u00e9capitulatif des soins de l&rsquo;orchid\u00e9e Frontignan<\/h2>\n<table>\n<tr>\n<th>Aspect<\/th>\n<th>Conditions recommand\u00e9es<\/th>\n<th>Fr\u00e9quence<\/th>\n<\/tr>\n<tr>\n<td>Arrosage<\/td>\n<td>Humide, mais pas d\u00e9tremp\u00e9<\/td>\n<td>1 fois par semaine<\/td>\n<\/tr>\n<tr>\n<td>Engrais<\/td>\n<td>Sp\u00e9cifique pour orchid\u00e9es<\/td>\n<td>Mensuel<\/td>\n<\/tr>\n<tr>\n<td>Emplacement<\/td>\n<td>Ombre l\u00e9g\u00e8re<\/td>\n<td>Permanent<\/td>\n<\/tr>\n<\/table>\n<h3>FAQ :<\/h3>\n<blockquote>\n<ul>\n<li><strong>Quelle est la meilleure p\u00e9riode pour planter l&rsquo;orchid\u00e9e Frontignan ?<\/strong>Le printemps est id\u00e9al pour planter cette orchid\u00e9e.<\/li>\n<li><strong>Peut-on cultiver l&rsquo;orchid\u00e9e Frontignan en int\u00e9rieur ?<\/strong>Oui, tant que l&#8217;emplacement est lumineux sans soleil direct.<\/li>\n<li><strong>Comment savoir si mon orchid\u00e9e a besoin d&rsquo;eau ?<\/strong>V\u00e9rifiez que le terreau est sec au toucher avant d&rsquo;arroser.<\/li>\n<li><strong>Les orchid\u00e9es Frontignan sont-elles r\u00e9sistantes aux maladies ?<\/strong>Elles sont g\u00e9n\u00e9ralement robustes, mais attention aux champignons si trop d&rsquo;humidit\u00e9.<\/li>\n<\/ul>\n<\/blockquote>\n<p>En somme, l&rsquo;orchid\u00e9e Frontignan combine beaut\u00e9 et facilit\u00e9 d&rsquo;entretien, ce qui en fait un choix id\u00e9al pour les amateurs de plantes. Que ce soit pour orner votre jardin ou embellir votre int\u00e9rieur, elle saura s\u00e9duire par son \u00e9l\u00e9gance. Cultiver cette orchid\u00e9e, c&rsquo;est non seulement profiter d&rsquo;une plante fascinante, mais aussi contribuer \u00e0 la pr\u00e9servation de la biodiversit\u00e9.<\/p>\n","protected":false},"excerpt":{"rendered":"","protected":false},"author":34,"featured_media":7573,"comment_status":"open","ping_status":"open","sticky":false,"template":"","format":"standard","meta":{"_acf_changed":false,"manual_indexmenow":false,"indexmenow_id_project":0,"footnotes":""},"categories":[1],"tags":[3615,4221,3737,4568,3648,3956],"class_list":["post-7572","post","type-post","status-publish","format-standard","has-post-thumbnail","hentry","category-a-la-une","tag-biodiversite","tag-culture","tag-fleurs","tag-frontignan","tag-jardinage","tag-orchidee","generate-columns","tablet-grid-50","mobile-grid-100","grid-parent","grid-25"],"acf":[],"yoast_head":"<!-- This site is optimized with the Yoast SEO Premium plugin v21.3 (Yoast SEO v26.5) - https:\/\/yoast.com\/wordpress\/plugins\/seo\/ -->\n<title>Tout savoir sur l&#039;orchid\u00e9e Frontignan<\/title>\n<meta name=\"description\" content=\"Parmi elles, l&#039;orchid\u00e9e Frontignan se distingue par ses particularit\u00e9s.\" \/>\n<meta name=\"robots\" content=\"index, follow, max-snippet:-1, max-image-preview:large, max-video-preview:-1\" \/>\n<link rel=\"canonical\" href=\"https:\/\/orchidays.fr\/blog\/a-la-une\/tout-savoir-sur-lorchidee-frontignan-caracteristiques-et-culture\/\" \/>\n<meta property=\"og:locale\" content=\"fr_FR\" \/>\n<meta property=\"og:type\" content=\"article\" \/>\n<meta property=\"og:title\" content=\"Tout savoir sur l&#039;orchid\u00e9e Frontignan\" \/>\n<meta property=\"og:description\" content=\"Parmi elles, l&#039;orchid\u00e9e Frontignan se distingue par ses particularit\u00e9s.\" \/>\n<meta property=\"og:url\" content=\"https:\/\/orchidays.fr\/blog\/a-la-une\/tout-savoir-sur-lorchidee-frontignan-caracteristiques-et-culture\/\" \/>\n<meta property=\"og:site_name\" content=\"orchidays\" \/>\n<meta property=\"og:image\" content=\"https:\/\/orchidays.fr\/blog\/wp-content\/uploads\/2025\/02\/stability-tout-savoir-sur-lorchidee-frontignan-caracteristiques-et-culture.png\" \/>\n\t<meta property=\"og:image:width\" content=\"1024\" \/>\n\t<meta property=\"og:image:height\" content=\"576\" \/>\n\t<meta property=\"og:image:type\" content=\"image\/png\" \/>\n<meta name=\"author\" content=\"Julien Prigent\" \/>\n<meta name=\"twitter:card\" content=\"summary_large_image\" \/>\n<script type=\"application\/ld+json\" class=\"yoast-schema-graph\">{\"@context\":\"https:\/\/schema.org\",\"@graph\":[{\"@type\":\"NewsArticle\",\"@id\":\"https:\/\/orchidays.fr\/blog\/a-la-une\/tout-savoir-sur-lorchidee-frontignan-caracteristiques-et-culture\/#article\",\"isPartOf\":{\"@id\":\"https:\/\/orchidays.fr\/blog\/a-la-une\/tout-savoir-sur-lorchidee-frontignan-caracteristiques-et-culture\/\"},\"author\":{\"name\":\"Julien Prigent\",\"@id\":\"https:\/\/orchidays.fr\/blog\/#\/schema\/person\/3c864cdc320801e3db34b663e7e3f816\"},\"headline\":\"Tout savoir sur l&rsquo;orchid\u00e9e Frontignan : caract\u00e9ristiques et culture\",\"datePublished\":\"2025-02-09T14:21:00+00:00\",\"mainEntityOfPage\":{\"@id\":\"https:\/\/orchidays.fr\/blog\/a-la-une\/tout-savoir-sur-lorchidee-frontignan-caracteristiques-et-culture\/\"},\"wordCount\":626,\"commentCount\":17,\"publisher\":{\"@id\":\"https:\/\/orchidays.fr\/blog\/#organization\"},\"image\":{\"@id\":\"https:\/\/orchidays.fr\/blog\/a-la-une\/tout-savoir-sur-lorchidee-frontignan-caracteristiques-et-culture\/#primaryimage\"},\"thumbnailUrl\":\"https:\/\/orchidays.fr\/blog\/wp-content\/uploads\/2025\/02\/stability-tout-savoir-sur-lorchidee-frontignan-caracteristiques-et-culture.png\",\"keywords\":[\"Biodiversit\u00e9\",\"Culture\",\"Fleurs\",\"Frontignan\",\"Jardinage\",\"Orchid\u00e9e\"],\"articleSection\":[\"\u00c0 la une\"],\"inLanguage\":\"fr-FR\",\"potentialAction\":[{\"@type\":\"CommentAction\",\"name\":\"Comment\",\"target\":[\"https:\/\/orchidays.fr\/blog\/a-la-une\/tout-savoir-sur-lorchidee-frontignan-caracteristiques-et-culture\/#respond\"]}]},{\"@type\":\"WebPage\",\"@id\":\"https:\/\/orchidays.fr\/blog\/a-la-une\/tout-savoir-sur-lorchidee-frontignan-caracteristiques-et-culture\/\",\"url\":\"https:\/\/orchidays.fr\/blog\/a-la-une\/tout-savoir-sur-lorchidee-frontignan-caracteristiques-et-culture\/\",\"name\":\"Tout savoir sur l'orchid\u00e9e Frontignan\",\"isPartOf\":{\"@id\":\"https:\/\/orchidays.fr\/blog\/#website\"},\"primaryImageOfPage\":{\"@id\":\"https:\/\/orchidays.fr\/blog\/a-la-une\/tout-savoir-sur-lorchidee-frontignan-caracteristiques-et-culture\/#primaryimage\"},\"image\":{\"@id\":\"https:\/\/orchidays.fr\/blog\/a-la-une\/tout-savoir-sur-lorchidee-frontignan-caracteristiques-et-culture\/#primaryimage\"},\"thumbnailUrl\":\"https:\/\/orchidays.fr\/blog\/wp-content\/uploads\/2025\/02\/stability-tout-savoir-sur-lorchidee-frontignan-caracteristiques-et-culture.png\",\"datePublished\":\"2025-02-09T14:21:00+00:00\",\"description\":\"Parmi elles, l'orchid\u00e9e Frontignan se distingue par ses particularit\u00e9s.\",\"inLanguage\":\"fr-FR\",\"potentialAction\":[{\"@type\":\"ReadAction\",\"target\":[\"https:\/\/orchidays.fr\/blog\/a-la-une\/tout-savoir-sur-lorchidee-frontignan-caracteristiques-et-culture\/\"]}]},{\"@type\":\"ImageObject\",\"inLanguage\":\"fr-FR\",\"@id\":\"https:\/\/orchidays.fr\/blog\/a-la-une\/tout-savoir-sur-lorchidee-frontignan-caracteristiques-et-culture\/#primaryimage\",\"url\":\"https:\/\/orchidays.fr\/blog\/wp-content\/uploads\/2025\/02\/stability-tout-savoir-sur-lorchidee-frontignan-caracteristiques-et-culture.png\",\"contentUrl\":\"https:\/\/orchidays.fr\/blog\/wp-content\/uploads\/2025\/02\/stability-tout-savoir-sur-lorchidee-frontignan-caracteristiques-et-culture.png\",\"width\":1024,\"height\":576},{\"@type\":\"WebSite\",\"@id\":\"https:\/\/orchidays.fr\/blog\/#website\",\"url\":\"https:\/\/orchidays.fr\/blog\/\",\"name\":\"Orchidays\",\"description\":\"La beaut\u00e9 d\u00e9licate des orchid\u00e9es.\",\"publisher\":{\"@id\":\"https:\/\/orchidays.fr\/blog\/#organization\"},\"alternateName\":\"La beaut\u00e9 d\u00e9licate des orchid\u00e9es.\",\"potentialAction\":[{\"@type\":\"SearchAction\",\"target\":{\"@type\":\"EntryPoint\",\"urlTemplate\":\"https:\/\/orchidays.fr\/blog\/?s={search_term_string}\"},\"query-input\":{\"@type\":\"PropertyValueSpecification\",\"valueRequired\":true,\"valueName\":\"search_term_string\"}}],\"inLanguage\":\"fr-FR\"},{\"@type\":[\"Organization\",\"NewsMediaOrganization\"],\"@id\":\"https:\/\/orchidays.fr\/blog\/#organization\",\"name\":\"Orchidays\",\"alternateName\":\"Orchidays \u2014 Le m\u00e9dia des passionn\u00e9s d orchid\u00e9es\",\"url\":\"https:\/\/orchidays.fr\/blog\/\",\"logo\":{\"@type\":\"ImageObject\",\"inLanguage\":\"fr-FR\",\"@id\":\"https:\/\/orchidays.fr\/blog\/#\/schema\/logo\/image\/\",\"url\":\"https:\/\/orchidays.fr\/blog\/wp-content\/uploads\/2024\/12\/Orchidays.png\",\"contentUrl\":\"https:\/\/orchidays.fr\/blog\/wp-content\/uploads\/2024\/12\/Orchidays.png\",\"width\":500,\"height\":500,\"caption\":\"Orchidays\"},\"image\":{\"@id\":\"https:\/\/orchidays.fr\/blog\/#\/schema\/logo\/image\/\"},\"publishingPrinciples\":\"https:\/\/orchidays.fr\/blog\/charte-editoriale\/\",\"ethicsPolicy\":\"https:\/\/orchidays.fr\/blog\/charte-editoriale\/\",\"actionableFeedbackPolicy\":\"https:\/\/orchidays.fr\/blog\/contact\/\",\"foundingDate\":\"2025-01-01\"},{\"@type\":\"Person\",\"@id\":\"https:\/\/orchidays.fr\/blog\/#\/schema\/person\/3c864cdc320801e3db34b663e7e3f816\",\"name\":\"Julien Prigent\",\"image\":{\"@type\":\"ImageObject\",\"inLanguage\":\"fr-FR\",\"@id\":\"https:\/\/orchidays.fr\/blog\/#\/schema\/person\/image\/\",\"url\":\"https:\/\/orchidays.fr\/blog\/wp-content\/uploads\/2026\/06\/persona-julien-p-96x96.jpg\",\"contentUrl\":\"https:\/\/orchidays.fr\/blog\/wp-content\/uploads\/2026\/06\/persona-julien-p-96x96.jpg\",\"caption\":\"Julien Prigent\"},\"description\":\"Bricoleur et jardinier dans l'\u00e2me, j'\u00e9cris sur la maison et ses ext\u00e9rieurs avec les mains dans le cambouis plus que dans les th\u00e9ories. Mon terrain couvre tout l'habitat : le potager et le jardin au fil des saisons, mais aussi les petits travaux, la r\u00e9novation, le bricolage et les m\u00e9tiers du b\u00e2timent \u2014 toiture, isolation, menuiserie, serrurerie, ma\u00e7onnerie. J'aime expliquer un geste technique simplement, donner des fourchettes de prix r\u00e9alistes et les bons crit\u00e8res pour choisir un mat\u00e9riau ou un artisan. Je teste ce que je peux sur mes propres chantiers et au jardin avant d'en parler, je distingue la tradition de ce que confirme l'observation, et je pr\u00e9cise toujours le contexte \u2014 climat, type de sol, configuration du logement \u2014 parce qu'un m\u00eame conseil ne vaut pas partout. Mon but : rendre l'entretien et l'am\u00e9lioration de la maison accessibles, durables et \u00e9conomes.\",\"sameAs\":[\"https:\/\/julienprigent.fr\/\"],\"url\":\"https:\/\/orchidays.fr\/blog\/auteur\/julien-p\/\"}]}<\/script>\n<!-- \/ Yoast SEO Premium plugin. -->","yoast_head_json":{"title":"Tout savoir sur l'orchid\u00e9e Frontignan","description":"Parmi elles, l'orchid\u00e9e Frontignan se distingue par ses particularit\u00e9s.","robots":{"index":"index","follow":"follow","max-snippet":"max-snippet:-1","max-image-preview":"max-image-preview:large","max-video-preview":"max-video-preview:-1"},"canonical":"https:\/\/orchidays.fr\/blog\/a-la-une\/tout-savoir-sur-lorchidee-frontignan-caracteristiques-et-culture\/","og_locale":"fr_FR","og_type":"article","og_title":"Tout savoir sur l'orchid\u00e9e Frontignan","og_description":"Parmi elles, l'orchid\u00e9e Frontignan se distingue par ses particularit\u00e9s.","og_url":"https:\/\/orchidays.fr\/blog\/a-la-une\/tout-savoir-sur-lorchidee-frontignan-caracteristiques-et-culture\/","og_site_name":"orchidays","og_image":[{"width":1024,"height":576,"url":"https:\/\/orchidays.fr\/blog\/wp-content\/uploads\/2025\/02\/stability-tout-savoir-sur-lorchidee-frontignan-caracteristiques-et-culture.png","type":"image\/png"}],"author":"Julien Prigent","twitter_card":"summary_large_image","schema":{"@context":"https:\/\/schema.org","@graph":[{"@type":"NewsArticle","@id":"https:\/\/orchidays.fr\/blog\/a-la-une\/tout-savoir-sur-lorchidee-frontignan-caracteristiques-et-culture\/#article","isPartOf":{"@id":"https:\/\/orchidays.fr\/blog\/a-la-une\/tout-savoir-sur-lorchidee-frontignan-caracteristiques-et-culture\/"},"author":{"name":"Julien Prigent","@id":"https:\/\/orchidays.fr\/blog\/#\/schema\/person\/3c864cdc320801e3db34b663e7e3f816"},"headline":"Tout savoir sur l&rsquo;orchid\u00e9e Frontignan : caract\u00e9ristiques et culture","datePublished":"2025-02-09T14:21:00+00:00","mainEntityOfPage":{"@id":"https:\/\/orchidays.fr\/blog\/a-la-une\/tout-savoir-sur-lorchidee-frontignan-caracteristiques-et-culture\/"},"wordCount":626,"commentCount":17,"publisher":{"@id":"https:\/\/orchidays.fr\/blog\/#organization"},"image":{"@id":"https:\/\/orchidays.fr\/blog\/a-la-une\/tout-savoir-sur-lorchidee-frontignan-caracteristiques-et-culture\/#primaryimage"},"thumbnailUrl":"https:\/\/orchidays.fr\/blog\/wp-content\/uploads\/2025\/02\/stability-tout-savoir-sur-lorchidee-frontignan-caracteristiques-et-culture.png","keywords":["Biodiversit\u00e9","Culture","Fleurs","Frontignan","Jardinage","Orchid\u00e9e"],"articleSection":["\u00c0 la une"],"inLanguage":"fr-FR","potentialAction":[{"@type":"CommentAction","name":"Comment","target":["https:\/\/orchidays.fr\/blog\/a-la-une\/tout-savoir-sur-lorchidee-frontignan-caracteristiques-et-culture\/#respond"]}]},{"@type":"WebPage","@id":"https:\/\/orchidays.fr\/blog\/a-la-une\/tout-savoir-sur-lorchidee-frontignan-caracteristiques-et-culture\/","url":"https:\/\/orchidays.fr\/blog\/a-la-une\/tout-savoir-sur-lorchidee-frontignan-caracteristiques-et-culture\/","name":"Tout savoir sur l'orchid\u00e9e Frontignan","isPartOf":{"@id":"https:\/\/orchidays.fr\/blog\/#website"},"primaryImageOfPage":{"@id":"https:\/\/orchidays.fr\/blog\/a-la-une\/tout-savoir-sur-lorchidee-frontignan-caracteristiques-et-culture\/#primaryimage"},"image":{"@id":"https:\/\/orchidays.fr\/blog\/a-la-une\/tout-savoir-sur-lorchidee-frontignan-caracteristiques-et-culture\/#primaryimage"},"thumbnailUrl":"https:\/\/orchidays.fr\/blog\/wp-content\/uploads\/2025\/02\/stability-tout-savoir-sur-lorchidee-frontignan-caracteristiques-et-culture.png","datePublished":"2025-02-09T14:21:00+00:00","description":"Parmi elles, l'orchid\u00e9e Frontignan se distingue par ses particularit\u00e9s.","inLanguage":"fr-FR","potentialAction":[{"@type":"ReadAction","target":["https:\/\/orchidays.fr\/blog\/a-la-une\/tout-savoir-sur-lorchidee-frontignan-caracteristiques-et-culture\/"]}]},{"@type":"ImageObject","inLanguage":"fr-FR","@id":"https:\/\/orchidays.fr\/blog\/a-la-une\/tout-savoir-sur-lorchidee-frontignan-caracteristiques-et-culture\/#primaryimage","url":"https:\/\/orchidays.fr\/blog\/wp-content\/uploads\/2025\/02\/stability-tout-savoir-sur-lorchidee-frontignan-caracteristiques-et-culture.png","contentUrl":"https:\/\/orchidays.fr\/blog\/wp-content\/uploads\/2025\/02\/stability-tout-savoir-sur-lorchidee-frontignan-caracteristiques-et-culture.png","width":1024,"height":576},{"@type":"WebSite","@id":"https:\/\/orchidays.fr\/blog\/#website","url":"https:\/\/orchidays.fr\/blog\/","name":"Orchidays","description":"La beaut\u00e9 d\u00e9licate des orchid\u00e9es.","publisher":{"@id":"https:\/\/orchidays.fr\/blog\/#organization"},"alternateName":"La beaut\u00e9 d\u00e9licate des orchid\u00e9es.","potentialAction":[{"@type":"SearchAction","target":{"@type":"EntryPoint","urlTemplate":"https:\/\/orchidays.fr\/blog\/?s={search_term_string}"},"query-input":{"@type":"PropertyValueSpecification","valueRequired":true,"valueName":"search_term_string"}}],"inLanguage":"fr-FR"},{"@type":["Organization","NewsMediaOrganization"],"@id":"https:\/\/orchidays.fr\/blog\/#organization","name":"Orchidays","alternateName":"Orchidays \u2014 Le m\u00e9dia des passionn\u00e9s d orchid\u00e9es","url":"https:\/\/orchidays.fr\/blog\/","logo":{"@type":"ImageObject","inLanguage":"fr-FR","@id":"https:\/\/orchidays.fr\/blog\/#\/schema\/logo\/image\/","url":"https:\/\/orchidays.fr\/blog\/wp-content\/uploads\/2024\/12\/Orchidays.png","contentUrl":"https:\/\/orchidays.fr\/blog\/wp-content\/uploads\/2024\/12\/Orchidays.png","width":500,"height":500,"caption":"Orchidays"},"image":{"@id":"https:\/\/orchidays.fr\/blog\/#\/schema\/logo\/image\/"},"publishingPrinciples":"https:\/\/orchidays.fr\/blog\/charte-editoriale\/","ethicsPolicy":"https:\/\/orchidays.fr\/blog\/charte-editoriale\/","actionableFeedbackPolicy":"https:\/\/orchidays.fr\/blog\/contact\/","foundingDate":"2025-01-01"},{"@type":"Person","@id":"https:\/\/orchidays.fr\/blog\/#\/schema\/person\/3c864cdc320801e3db34b663e7e3f816","name":"Julien Prigent","image":{"@type":"ImageObject","inLanguage":"fr-FR","@id":"https:\/\/orchidays.fr\/blog\/#\/schema\/person\/image\/","url":"https:\/\/orchidays.fr\/blog\/wp-content\/uploads\/2026\/06\/persona-julien-p-96x96.jpg","contentUrl":"https:\/\/orchidays.fr\/blog\/wp-content\/uploads\/2026\/06\/persona-julien-p-96x96.jpg","caption":"Julien Prigent"},"description":"Bricoleur et jardinier dans l'\u00e2me, j'\u00e9cris sur la maison et ses ext\u00e9rieurs avec les mains dans le cambouis plus que dans les th\u00e9ories. Mon terrain couvre tout l'habitat : le potager et le jardin au fil des saisons, mais aussi les petits travaux, la r\u00e9novation, le bricolage et les m\u00e9tiers du b\u00e2timent \u2014 toiture, isolation, menuiserie, serrurerie, ma\u00e7onnerie. J'aime expliquer un geste technique simplement, donner des fourchettes de prix r\u00e9alistes et les bons crit\u00e8res pour choisir un mat\u00e9riau ou un artisan. Je teste ce que je peux sur mes propres chantiers et au jardin avant d'en parler, je distingue la tradition de ce que confirme l'observation, et je pr\u00e9cise toujours le contexte \u2014 climat, type de sol, configuration du logement \u2014 parce qu'un m\u00eame conseil ne vaut pas partout. Mon but : rendre l'entretien et l'am\u00e9lioration de la maison accessibles, durables et \u00e9conomes.","sameAs":["https:\/\/julienprigent.fr\/"],"url":"https:\/\/orchidays.fr\/blog\/auteur\/julien-p\/"}]}},"_links":{"self":[{"href":"https:\/\/orchidays.fr\/blog\/wp-json\/wp\/v2\/posts\/7572","targetHints":{"allow":["GET"]}}],"collection":[{"href":"https:\/\/orchidays.fr\/blog\/wp-json\/wp\/v2\/posts"}],"about":[{"href":"https:\/\/orchidays.fr\/blog\/wp-json\/wp\/v2\/types\/post"}],"author":[{"embeddable":true,"href":"https:\/\/orchidays.fr\/blog\/wp-json\/wp\/v2\/users\/34"}],"replies":[{"embeddable":true,"href":"https:\/\/orchidays.fr\/blog\/wp-json\/wp\/v2\/comments?post=7572"}],"version-history":[{"count":2,"href":"https:\/\/orchidays.fr\/blog\/wp-json\/wp\/v2\/posts\/7572\/revisions"}],"predecessor-version":[{"id":7617,"href":"https:\/\/orchidays.fr\/blog\/wp-json\/wp\/v2\/posts\/7572\/revisions\/7617"}],"wp:featuredmedia":[{"embeddable":true,"href":"https:\/\/orchidays.fr\/blog\/wp-json\/wp\/v2\/media\/7573"}],"wp:attachment":[{"href":"https:\/\/orchidays.fr\/blog\/wp-json\/wp\/v2\/media?parent=7572"}],"wp:term":[{"taxonomy":"category","embeddable":true,"href":"https:\/\/orchidays.fr\/blog\/wp-json\/wp\/v2\/categories?post=7572"},{"taxonomy":"post_tag","embeddable":true,"href":"https:\/\/orchidays.fr\/blog\/wp-json\/wp\/v2\/tags?post=7572"}],"curies":[{"name":"wp","href":"https:\/\/api.w.org\/{rel}","templated":true}]}}