{"id":7539,"date":"2025-02-09T17:01:00","date_gmt":"2025-02-09T16:01:00","guid":{"rendered":"https:\/\/orchidays.fr\/blog\/?p=7539"},"modified":"2025-02-08T14:59:37","modified_gmt":"2025-02-08T13:59:37","slug":"creer-un-cadre-vegetal-enchanteur-avec-des-orchidees-guide-pratique-et-conseils","status":"publish","type":"post","link":"https:\/\/orchidays.fr\/blog\/a-la-une\/creer-un-cadre-vegetal-enchanteur-avec-des-orchidees-guide-pratique-et-conseils\/","title":{"rendered":"Cr\u00e9er un cadre v\u00e9g\u00e9tal enchanteur avec des orchid\u00e9es : Guide pratique et conseils"},"content":{"rendered":"<h2>Introduction : L&rsquo;art de d\u00e9corer avec des orchid\u00e9es<\/h2>\n<p>Elles ajoutent une touche de nature et de s\u00e9r\u00e9nit\u00e9, transformant n&rsquo;importe quel espace en un havre de paix. Mais comment r\u00e9ussir \u00e0 int\u00e9grer ces plantes majestueuses dans votre d\u00e9cor ? Cet article vous guide \u00e0 travers les diff\u00e9rentes \u00e9tapes pour cr\u00e9er un cadre v\u00e9g\u00e9tal harmonieux avec des orchid\u00e9es.<\/p>\n<h2>Choisir les bonnes orchid\u00e9es pour votre espace<\/h2>\n<p>Avant de vous lancer dans l&rsquo;am\u00e9nagement de votre cadre v\u00e9g\u00e9tal, il est crucial de s\u00e9lectionner les orchid\u00e9es qui correspondront le mieux \u00e0 votre environnement. Voici quelques vari\u00e9t\u00e9s populaires :<\/p>\n<ul>\n<li><strong>Phalaenopsis :<\/strong> Id\u00e9ale pour les d\u00e9butants, elle fleurit longtemps et n\u00e9cessite peu d&rsquo;entretien.<\/li>\n<li><strong>Cattleya :<\/strong> Appr\u00e9ci\u00e9e pour ses grandes fleurs parfum\u00e9es, elle ajoute une note de couleur vive.<\/li>\n<li><strong>Oncidium :<\/strong> Connue pour ses petites fleurs en grappes, elle apporte une touche sauvage \u00e0 votre d\u00e9cor.<\/li>\n<\/ul>\n<p>Chaque vari\u00e9t\u00e9 a ses sp\u00e9cificit\u00e9s concernant les besoins en lumi\u00e8re, en arrosage et en temp\u00e9rature, il est donc essentiel de bien s&rsquo;informer avant d&rsquo;acheter.<\/p>\n<h2>Cr\u00e9er un espace accueillant pour vos orchid\u00e9es<\/h2>\n<p>Une fois vos orchid\u00e9es choisies, l&rsquo;\u00e9tape suivante consiste \u00e0 les placer dans un environnement propice \u00e0 leur \u00e9panouissement. Voici quelques conseils pratiques :<img width=\"1024\" height=\"576\" src=\"https:\/\/orchidays.fr\/blog\/wp-content\/uploads\/2025\/02\/stability-creer-un-cadre-vegetal-enchanteur-avec-des-orchidees-guide-pratique-et-conseils-1.png\" class=\"aligncenter\" alt=\"Illustration d\u00e9taill\u00e9e sur Cr\u00e9er un cadre v\u00e9g\u00e9tal enchanteur avec des orchid\u00e9es : Guide pratique et conseils\" title=\"Cr\u00e9er un cadre v\u00e9g\u00e9tal enchanteur avec des orchid\u00e9es : Guide pratique et conseils\" decoding=\"async\" loading=\"lazy\" \/><\/p>\n<ul>\n<li><strong>Emplacement :<\/strong> Choisissez un endroit lumineux, mais \u00e9vitez la lumi\u00e8re directe du soleil qui pourrait br\u00fbler les feuilles.<\/li>\n<li><strong>Humidit\u00e9 :<\/strong> Les orchid\u00e9es adorent l&rsquo;humidit\u00e9. Pensez \u00e0 les vaporiser r\u00e9guli\u00e8rement ou \u00e0 placer un humidificateur \u00e0 proximit\u00e9.<\/li>\n<li><strong>Temp\u00e9rature :<\/strong> Maintenez une temp\u00e9rature ambiante entre 18 et 25 degr\u00e9s Celsius pour un d\u00e9veloppement optimal.<\/li>\n<\/ul>\n<p>En respectant ces conditions, vous favoriserez la floraison et la sant\u00e9 de vos orchid\u00e9es, tout en cr\u00e9ant un cadre v\u00e9g\u00e9tal luxuriant.<\/p>\n<blockquote class=\"wp-embedded-content\" data-secret=\"yAR1y22cQQ\"><p><a href=\"https:\/\/orchidays.fr\/blog\/a-la-une\/tout-savoir-sur-lorchidee-frontignan-culture-et-caracteristiques\/\">Tout savoir sur l&rsquo;orchid\u00e9e Frontignan : culture et caract\u00e9ristiques<\/a><\/p><\/blockquote>\n<p><iframe loading=\"lazy\" class=\"wp-embedded-content\" sandbox=\"allow-scripts\" security=\"restricted\" style=\"position: absolute; visibility: hidden;\" title=\"\u00ab\u00a0Tout savoir sur l&rsquo;orchid\u00e9e Frontignan : culture et caract\u00e9ristiques\u00a0\u00bb &#8212; orchidays\" src=\"https:\/\/orchidays.fr\/blog\/a-la-une\/tout-savoir-sur-lorchidee-frontignan-culture-et-caracteristiques\/embed\/#?secret=tMAaQzvCbJ#?secret=yAR1y22cQQ\" data-secret=\"yAR1y22cQQ\" width=\"600\" height=\"338\" frameborder=\"0\" marginwidth=\"0\" marginheight=\"0\" scrolling=\"no\"><\/iframe><\/p>\n<h2>Entretien des orchid\u00e9es : Astuces pour les garder en bonne sant\u00e9<\/h2>\n<p>Pour que vos orchid\u00e9es s&rsquo;\u00e9panouissent pleinement, un entretien r\u00e9gulier est indispensable. Voici quelques gestes simples \u00e0 adopter :<\/p>\n<table>\n<tr>\n<th>Action<\/th>\n<th>Fr\u00e9quence<\/th>\n<th>Conseils<\/th>\n<\/tr>\n<tr>\n<td>Arrosage<\/td>\n<td>Une fois par semaine<\/td>\n<td>Utilisez de l&rsquo;eau \u00e0 temp\u00e9rature ambiante.<\/td>\n<\/tr>\n<tr>\n<td>Fertilisation<\/td>\n<td>Tous les mois<\/td>\n<td>Choisissez un engrais sp\u00e9cial pour orchid\u00e9es.<\/td>\n<\/tr>\n<tr>\n<td>Rempotage<\/td>\n<td>Tous les 1 \u00e0 2 ans<\/td>\n<td>Utilisez un m\u00e9lange de terre adapt\u00e9.<\/td>\n<\/tr>\n<\/table>\n<p><strong>Un entretien ad\u00e9quat garantit la long\u00e9vit\u00e9 de vos orchid\u00e9es et leur floraison annuelle.<\/strong> N&rsquo;h\u00e9sitez pas \u00e0 observer vos plantes pour d\u00e9tecter tout signe de maladie ou de besoin d&rsquo;ajustement.<\/p>\n<h2>Inspirations d\u00e9coratives : Int\u00e9grer les orchid\u00e9es dans votre d\u00e9cor<\/h2>\n<p>Les orchid\u00e9es peuvent \u00eatre int\u00e9gr\u00e9es de diverses mani\u00e8res pour embellir votre int\u00e9rieur. Voici quelques id\u00e9es cr\u00e9atives :<\/p>\n<ul>\n<li><strong>Centres de table :<\/strong> Cr\u00e9ez un arrangement floral avec plusieurs orchid\u00e9es dans un joli vase pour votre salle \u00e0 manger.<\/li>\n<li><strong>\u00c9tag\u00e8res :<\/strong> Disposez des orchid\u00e9es sur des \u00e9tag\u00e8res pour apporter de la couleur et de la vie \u00e0 vos murs.<\/li>\n<li><strong>Terrarium :<\/strong> Cr\u00e9ez un terrarium avec des petites orchid\u00e9es et d&rsquo;autres plantes pour un effet zen.<\/li>\n<\/ul>\n<p>Ces id\u00e9es vous permettront de personnaliser votre espace tout en profitant des bienfaits apaisants des orchid\u00e9es.<\/p>\n<h3>FAQ :<\/h3>\n<blockquote>\n<ul>\n<li><strong>Comment arroser mes orchid\u00e9es correctement ?<\/strong>Arrosez vos orchid\u00e9es une fois par semaine, en laissant l&rsquo;eau s&rsquo;\u00e9couler compl\u00e8tement.<\/li>\n<li><strong>Les orchid\u00e9es ont-elles besoin de lumi\u00e8re directe ?<\/strong>\u00c9vitez la lumi\u00e8re directe, pr\u00e9f\u00e9rez un emplacement lumineux et ombrag\u00e9.<\/li>\n<li><strong>Quand dois-je rempoter mes orchid\u00e9es ?<\/strong>Rempotez-les tous les 1 \u00e0 2 ans ou lorsque le pot devient trop petit.<\/li>\n<li><strong>Les orchid\u00e9es peuvent-elles vivre \u00e0 l&rsquo;ext\u00e9rieur ?<\/strong>Oui, mais uniquement dans des climats chauds, \u00e0 l&rsquo;abri du soleil direct et du vent.<\/li>\n<\/ul>\n<\/blockquote>\n<p>En int\u00e9grant ces conseils et astuces, vous serez en mesure de cr\u00e9er un cadre v\u00e9g\u00e9tal harmonieux et accueillant avec vos orchid\u00e9es. Ces plantes uniques apporteront une beaut\u00e9 intemporelle et une ambiance apaisante dans votre maison.<\/p>\n","protected":false},"excerpt":{"rendered":"","protected":false},"author":41,"featured_media":7540,"comment_status":"open","ping_status":"open","sticky":false,"template":"","format":"standard","meta":{"_acf_changed":false,"manual_indexmenow":false,"indexmenow_id_project":0,"footnotes":""},"categories":[1],"tags":[4095,4038,3103,4642,3715,3720],"class_list":["post-7539","post","type-post","status-publish","format-standard","has-post-thumbnail","hentry","category-a-la-une","tag-decoration","tag-entretien","tag-humidite","tag-inspiration","tag-orchidees","tag-temperature","generate-columns","tablet-grid-50","mobile-grid-100","grid-parent","grid-25"],"acf":[],"yoast_head":"<!-- This site is optimized with the Yoast SEO Premium plugin v21.3 (Yoast SEO v26.5) - https:\/\/yoast.com\/wordpress\/plugins\/seo\/ -->\n<title>Cr\u00e9er un cadre v\u00e9g\u00e9tal enchanteur avec des orchid\u00e9es<\/title>\n<meta name=\"description\" content=\"L&#039;art de d\u00e9corer avec des orchid\u00e9es Elles ajoutent une touche de nature et de s\u00e9r\u00e9nit\u00e9, transformant n&#039;importe quel espace en un havre de paix.\" \/>\n<meta name=\"robots\" content=\"index, follow, max-snippet:-1, max-image-preview:large, max-video-preview:-1\" \/>\n<link rel=\"canonical\" href=\"https:\/\/orchidays.fr\/blog\/a-la-une\/creer-un-cadre-vegetal-enchanteur-avec-des-orchidees-guide-pratique-et-conseils\/\" \/>\n<meta property=\"og:locale\" content=\"fr_FR\" \/>\n<meta property=\"og:type\" content=\"article\" \/>\n<meta property=\"og:title\" content=\"Cr\u00e9er un cadre v\u00e9g\u00e9tal enchanteur avec des orchid\u00e9es\" \/>\n<meta property=\"og:description\" content=\"L&#039;art de d\u00e9corer avec des orchid\u00e9es Elles ajoutent une touche de nature et de s\u00e9r\u00e9nit\u00e9, transformant n&#039;importe quel espace en un havre de paix.\" \/>\n<meta property=\"og:url\" content=\"https:\/\/orchidays.fr\/blog\/a-la-une\/creer-un-cadre-vegetal-enchanteur-avec-des-orchidees-guide-pratique-et-conseils\/\" \/>\n<meta property=\"og:site_name\" content=\"orchidays\" \/>\n<meta property=\"og:image\" content=\"https:\/\/orchidays.fr\/blog\/wp-content\/uploads\/2025\/02\/stability-creer-un-cadre-vegetal-enchanteur-avec-des-orchidees-guide-pratique-et-conseils.png\" \/>\n\t<meta property=\"og:image:width\" content=\"1024\" \/>\n\t<meta property=\"og:image:height\" content=\"576\" \/>\n\t<meta property=\"og:image:type\" content=\"image\/png\" \/>\n<meta name=\"author\" content=\"Marie Devaux\" \/>\n<meta name=\"twitter:card\" content=\"summary_large_image\" \/>\n<script type=\"application\/ld+json\" class=\"yoast-schema-graph\">{\"@context\":\"https:\/\/schema.org\",\"@graph\":[{\"@type\":\"NewsArticle\",\"@id\":\"https:\/\/orchidays.fr\/blog\/a-la-une\/creer-un-cadre-vegetal-enchanteur-avec-des-orchidees-guide-pratique-et-conseils\/#article\",\"isPartOf\":{\"@id\":\"https:\/\/orchidays.fr\/blog\/a-la-une\/creer-un-cadre-vegetal-enchanteur-avec-des-orchidees-guide-pratique-et-conseils\/\"},\"author\":{\"name\":\"Marie Devaux\",\"@id\":\"https:\/\/orchidays.fr\/blog\/#\/schema\/person\/7d6c3c19d769934f043bdc9bb29c407a\"},\"headline\":\"Cr\u00e9er un cadre v\u00e9g\u00e9tal enchanteur avec des orchid\u00e9es : Guide pratique et conseils\",\"datePublished\":\"2025-02-09T16:01:00+00:00\",\"mainEntityOfPage\":{\"@id\":\"https:\/\/orchidays.fr\/blog\/a-la-une\/creer-un-cadre-vegetal-enchanteur-avec-des-orchidees-guide-pratique-et-conseils\/\"},\"wordCount\":662,\"commentCount\":18,\"publisher\":{\"@id\":\"https:\/\/orchidays.fr\/blog\/#organization\"},\"image\":{\"@id\":\"https:\/\/orchidays.fr\/blog\/a-la-une\/creer-un-cadre-vegetal-enchanteur-avec-des-orchidees-guide-pratique-et-conseils\/#primaryimage\"},\"thumbnailUrl\":\"https:\/\/orchidays.fr\/blog\/wp-content\/uploads\/2025\/02\/stability-creer-un-cadre-vegetal-enchanteur-avec-des-orchidees-guide-pratique-et-conseils.png\",\"keywords\":[\"D\u00e9coration\",\"Entretien\",\"Humidit\u00e9\",\"Inspiration\",\"Orchid\u00e9es\",\"Temp\u00e9rature\"],\"articleSection\":[\"\u00c0 la une\"],\"inLanguage\":\"fr-FR\",\"potentialAction\":[{\"@type\":\"CommentAction\",\"name\":\"Comment\",\"target\":[\"https:\/\/orchidays.fr\/blog\/a-la-une\/creer-un-cadre-vegetal-enchanteur-avec-des-orchidees-guide-pratique-et-conseils\/#respond\"]}]},{\"@type\":\"WebPage\",\"@id\":\"https:\/\/orchidays.fr\/blog\/a-la-une\/creer-un-cadre-vegetal-enchanteur-avec-des-orchidees-guide-pratique-et-conseils\/\",\"url\":\"https:\/\/orchidays.fr\/blog\/a-la-une\/creer-un-cadre-vegetal-enchanteur-avec-des-orchidees-guide-pratique-et-conseils\/\",\"name\":\"Cr\u00e9er un cadre v\u00e9g\u00e9tal enchanteur avec des orchid\u00e9es\",\"isPartOf\":{\"@id\":\"https:\/\/orchidays.fr\/blog\/#website\"},\"primaryImageOfPage\":{\"@id\":\"https:\/\/orchidays.fr\/blog\/a-la-une\/creer-un-cadre-vegetal-enchanteur-avec-des-orchidees-guide-pratique-et-conseils\/#primaryimage\"},\"image\":{\"@id\":\"https:\/\/orchidays.fr\/blog\/a-la-une\/creer-un-cadre-vegetal-enchanteur-avec-des-orchidees-guide-pratique-et-conseils\/#primaryimage\"},\"thumbnailUrl\":\"https:\/\/orchidays.fr\/blog\/wp-content\/uploads\/2025\/02\/stability-creer-un-cadre-vegetal-enchanteur-avec-des-orchidees-guide-pratique-et-conseils.png\",\"datePublished\":\"2025-02-09T16:01:00+00:00\",\"description\":\"L'art de d\u00e9corer avec des orchid\u00e9es Elles ajoutent une touche de nature et de s\u00e9r\u00e9nit\u00e9, transformant n'importe quel espace en un havre de paix.\",\"inLanguage\":\"fr-FR\",\"potentialAction\":[{\"@type\":\"ReadAction\",\"target\":[\"https:\/\/orchidays.fr\/blog\/a-la-une\/creer-un-cadre-vegetal-enchanteur-avec-des-orchidees-guide-pratique-et-conseils\/\"]}]},{\"@type\":\"ImageObject\",\"inLanguage\":\"fr-FR\",\"@id\":\"https:\/\/orchidays.fr\/blog\/a-la-une\/creer-un-cadre-vegetal-enchanteur-avec-des-orchidees-guide-pratique-et-conseils\/#primaryimage\",\"url\":\"https:\/\/orchidays.fr\/blog\/wp-content\/uploads\/2025\/02\/stability-creer-un-cadre-vegetal-enchanteur-avec-des-orchidees-guide-pratique-et-conseils.png\",\"contentUrl\":\"https:\/\/orchidays.fr\/blog\/wp-content\/uploads\/2025\/02\/stability-creer-un-cadre-vegetal-enchanteur-avec-des-orchidees-guide-pratique-et-conseils.png\",\"width\":1024,\"height\":576},{\"@type\":\"WebSite\",\"@id\":\"https:\/\/orchidays.fr\/blog\/#website\",\"url\":\"https:\/\/orchidays.fr\/blog\/\",\"name\":\"Orchidays\",\"description\":\"La beaut\u00e9 d\u00e9licate des orchid\u00e9es.\",\"publisher\":{\"@id\":\"https:\/\/orchidays.fr\/blog\/#organization\"},\"alternateName\":\"La beaut\u00e9 d\u00e9licate des orchid\u00e9es.\",\"potentialAction\":[{\"@type\":\"SearchAction\",\"target\":{\"@type\":\"EntryPoint\",\"urlTemplate\":\"https:\/\/orchidays.fr\/blog\/?s={search_term_string}\"},\"query-input\":{\"@type\":\"PropertyValueSpecification\",\"valueRequired\":true,\"valueName\":\"search_term_string\"}}],\"inLanguage\":\"fr-FR\"},{\"@type\":[\"Organization\",\"NewsMediaOrganization\"],\"@id\":\"https:\/\/orchidays.fr\/blog\/#organization\",\"name\":\"Orchidays\",\"alternateName\":\"Orchidays \u2014 Le m\u00e9dia des passionn\u00e9s d orchid\u00e9es\",\"url\":\"https:\/\/orchidays.fr\/blog\/\",\"logo\":{\"@type\":\"ImageObject\",\"inLanguage\":\"fr-FR\",\"@id\":\"https:\/\/orchidays.fr\/blog\/#\/schema\/logo\/image\/\",\"url\":\"https:\/\/orchidays.fr\/blog\/wp-content\/uploads\/2024\/12\/Orchidays.png\",\"contentUrl\":\"https:\/\/orchidays.fr\/blog\/wp-content\/uploads\/2024\/12\/Orchidays.png\",\"width\":500,\"height\":500,\"caption\":\"Orchidays\"},\"image\":{\"@id\":\"https:\/\/orchidays.fr\/blog\/#\/schema\/logo\/image\/\"},\"publishingPrinciples\":\"https:\/\/orchidays.fr\/blog\/charte-editoriale\/\",\"ethicsPolicy\":\"https:\/\/orchidays.fr\/blog\/charte-editoriale\/\",\"actionableFeedbackPolicy\":\"https:\/\/orchidays.fr\/blog\/contact\/\",\"foundingDate\":\"2025-01-01\"},{\"@type\":\"Person\",\"@id\":\"https:\/\/orchidays.fr\/blog\/#\/schema\/person\/7d6c3c19d769934f043bdc9bb29c407a\",\"name\":\"Marie Devaux\",\"image\":{\"@type\":\"ImageObject\",\"inLanguage\":\"fr-FR\",\"@id\":\"https:\/\/orchidays.fr\/blog\/#\/schema\/person\/image\/\",\"url\":\"https:\/\/secure.gravatar.com\/avatar\/?s=96&d=mm&r=g\",\"contentUrl\":\"https:\/\/secure.gravatar.com\/avatar\/?s=96&d=mm&r=g\",\"caption\":\"Marie Devaux\"},\"description\":\"La d\u00e9coration d'int\u00e9rieur est mon univers depuis plus de dix ans, du conseil en agencement \u00e0 l'\u00e9criture \u00e9ditoriale. Je me consacre surtout \u00e0 l'am\u00e9nagement des pi\u00e8ces de vie : choix du canap\u00e9 selon l'espace et l'usage, harmonie des couleurs, circulation, lumi\u00e8re naturelle et petites astuces qui rendent un salon vraiment accueillant. J'aime traiter la d\u00e9co comme un sujet concret, avec des fourchettes de prix r\u00e9alistes et des crit\u00e8res mesurables plut\u00f4t que des effets de mode. Avant de recommander un meuble ou une mati\u00e8re, je compare les mod\u00e8les, je v\u00e9rifie l'entretien dans la dur\u00e9e et je pense au quotidien des familles, enfants et animaux compris. Mon angle : un int\u00e9rieur qui se vit, pas seulement qui se photographie. Je tiens \u00e0 ce que chaque conseil soit applicable, que l'on r\u00e9nove un studio ou que l'on meuble une grande maison.\",\"sameAs\":[\"https:\/\/mariedevaux.fr\/\"],\"url\":\"https:\/\/orchidays.fr\/blog\/auteur\/marie-d\/\"}]}<\/script>\n<!-- \/ Yoast SEO Premium plugin. -->","yoast_head_json":{"title":"Cr\u00e9er un cadre v\u00e9g\u00e9tal enchanteur avec des orchid\u00e9es","description":"L'art de d\u00e9corer avec des orchid\u00e9es Elles ajoutent une touche de nature et de s\u00e9r\u00e9nit\u00e9, transformant n'importe quel espace en un havre de paix.","robots":{"index":"index","follow":"follow","max-snippet":"max-snippet:-1","max-image-preview":"max-image-preview:large","max-video-preview":"max-video-preview:-1"},"canonical":"https:\/\/orchidays.fr\/blog\/a-la-une\/creer-un-cadre-vegetal-enchanteur-avec-des-orchidees-guide-pratique-et-conseils\/","og_locale":"fr_FR","og_type":"article","og_title":"Cr\u00e9er un cadre v\u00e9g\u00e9tal enchanteur avec des orchid\u00e9es","og_description":"L'art de d\u00e9corer avec des orchid\u00e9es Elles ajoutent une touche de nature et de s\u00e9r\u00e9nit\u00e9, transformant n'importe quel espace en un havre de paix.","og_url":"https:\/\/orchidays.fr\/blog\/a-la-une\/creer-un-cadre-vegetal-enchanteur-avec-des-orchidees-guide-pratique-et-conseils\/","og_site_name":"orchidays","og_image":[{"width":1024,"height":576,"url":"https:\/\/orchidays.fr\/blog\/wp-content\/uploads\/2025\/02\/stability-creer-un-cadre-vegetal-enchanteur-avec-des-orchidees-guide-pratique-et-conseils.png","type":"image\/png"}],"author":"Marie Devaux","twitter_card":"summary_large_image","schema":{"@context":"https:\/\/schema.org","@graph":[{"@type":"NewsArticle","@id":"https:\/\/orchidays.fr\/blog\/a-la-une\/creer-un-cadre-vegetal-enchanteur-avec-des-orchidees-guide-pratique-et-conseils\/#article","isPartOf":{"@id":"https:\/\/orchidays.fr\/blog\/a-la-une\/creer-un-cadre-vegetal-enchanteur-avec-des-orchidees-guide-pratique-et-conseils\/"},"author":{"name":"Marie Devaux","@id":"https:\/\/orchidays.fr\/blog\/#\/schema\/person\/7d6c3c19d769934f043bdc9bb29c407a"},"headline":"Cr\u00e9er un cadre v\u00e9g\u00e9tal enchanteur avec des orchid\u00e9es : Guide pratique et conseils","datePublished":"2025-02-09T16:01:00+00:00","mainEntityOfPage":{"@id":"https:\/\/orchidays.fr\/blog\/a-la-une\/creer-un-cadre-vegetal-enchanteur-avec-des-orchidees-guide-pratique-et-conseils\/"},"wordCount":662,"commentCount":18,"publisher":{"@id":"https:\/\/orchidays.fr\/blog\/#organization"},"image":{"@id":"https:\/\/orchidays.fr\/blog\/a-la-une\/creer-un-cadre-vegetal-enchanteur-avec-des-orchidees-guide-pratique-et-conseils\/#primaryimage"},"thumbnailUrl":"https:\/\/orchidays.fr\/blog\/wp-content\/uploads\/2025\/02\/stability-creer-un-cadre-vegetal-enchanteur-avec-des-orchidees-guide-pratique-et-conseils.png","keywords":["D\u00e9coration","Entretien","Humidit\u00e9","Inspiration","Orchid\u00e9es","Temp\u00e9rature"],"articleSection":["\u00c0 la une"],"inLanguage":"fr-FR","potentialAction":[{"@type":"CommentAction","name":"Comment","target":["https:\/\/orchidays.fr\/blog\/a-la-une\/creer-un-cadre-vegetal-enchanteur-avec-des-orchidees-guide-pratique-et-conseils\/#respond"]}]},{"@type":"WebPage","@id":"https:\/\/orchidays.fr\/blog\/a-la-une\/creer-un-cadre-vegetal-enchanteur-avec-des-orchidees-guide-pratique-et-conseils\/","url":"https:\/\/orchidays.fr\/blog\/a-la-une\/creer-un-cadre-vegetal-enchanteur-avec-des-orchidees-guide-pratique-et-conseils\/","name":"Cr\u00e9er un cadre v\u00e9g\u00e9tal enchanteur avec des orchid\u00e9es","isPartOf":{"@id":"https:\/\/orchidays.fr\/blog\/#website"},"primaryImageOfPage":{"@id":"https:\/\/orchidays.fr\/blog\/a-la-une\/creer-un-cadre-vegetal-enchanteur-avec-des-orchidees-guide-pratique-et-conseils\/#primaryimage"},"image":{"@id":"https:\/\/orchidays.fr\/blog\/a-la-une\/creer-un-cadre-vegetal-enchanteur-avec-des-orchidees-guide-pratique-et-conseils\/#primaryimage"},"thumbnailUrl":"https:\/\/orchidays.fr\/blog\/wp-content\/uploads\/2025\/02\/stability-creer-un-cadre-vegetal-enchanteur-avec-des-orchidees-guide-pratique-et-conseils.png","datePublished":"2025-02-09T16:01:00+00:00","description":"L'art de d\u00e9corer avec des orchid\u00e9es Elles ajoutent une touche de nature et de s\u00e9r\u00e9nit\u00e9, transformant n'importe quel espace en un havre de paix.","inLanguage":"fr-FR","potentialAction":[{"@type":"ReadAction","target":["https:\/\/orchidays.fr\/blog\/a-la-une\/creer-un-cadre-vegetal-enchanteur-avec-des-orchidees-guide-pratique-et-conseils\/"]}]},{"@type":"ImageObject","inLanguage":"fr-FR","@id":"https:\/\/orchidays.fr\/blog\/a-la-une\/creer-un-cadre-vegetal-enchanteur-avec-des-orchidees-guide-pratique-et-conseils\/#primaryimage","url":"https:\/\/orchidays.fr\/blog\/wp-content\/uploads\/2025\/02\/stability-creer-un-cadre-vegetal-enchanteur-avec-des-orchidees-guide-pratique-et-conseils.png","contentUrl":"https:\/\/orchidays.fr\/blog\/wp-content\/uploads\/2025\/02\/stability-creer-un-cadre-vegetal-enchanteur-avec-des-orchidees-guide-pratique-et-conseils.png","width":1024,"height":576},{"@type":"WebSite","@id":"https:\/\/orchidays.fr\/blog\/#website","url":"https:\/\/orchidays.fr\/blog\/","name":"Orchidays","description":"La beaut\u00e9 d\u00e9licate des orchid\u00e9es.","publisher":{"@id":"https:\/\/orchidays.fr\/blog\/#organization"},"alternateName":"La beaut\u00e9 d\u00e9licate des orchid\u00e9es.","potentialAction":[{"@type":"SearchAction","target":{"@type":"EntryPoint","urlTemplate":"https:\/\/orchidays.fr\/blog\/?s={search_term_string}"},"query-input":{"@type":"PropertyValueSpecification","valueRequired":true,"valueName":"search_term_string"}}],"inLanguage":"fr-FR"},{"@type":["Organization","NewsMediaOrganization"],"@id":"https:\/\/orchidays.fr\/blog\/#organization","name":"Orchidays","alternateName":"Orchidays \u2014 Le m\u00e9dia des passionn\u00e9s d orchid\u00e9es","url":"https:\/\/orchidays.fr\/blog\/","logo":{"@type":"ImageObject","inLanguage":"fr-FR","@id":"https:\/\/orchidays.fr\/blog\/#\/schema\/logo\/image\/","url":"https:\/\/orchidays.fr\/blog\/wp-content\/uploads\/2024\/12\/Orchidays.png","contentUrl":"https:\/\/orchidays.fr\/blog\/wp-content\/uploads\/2024\/12\/Orchidays.png","width":500,"height":500,"caption":"Orchidays"},"image":{"@id":"https:\/\/orchidays.fr\/blog\/#\/schema\/logo\/image\/"},"publishingPrinciples":"https:\/\/orchidays.fr\/blog\/charte-editoriale\/","ethicsPolicy":"https:\/\/orchidays.fr\/blog\/charte-editoriale\/","actionableFeedbackPolicy":"https:\/\/orchidays.fr\/blog\/contact\/","foundingDate":"2025-01-01"},{"@type":"Person","@id":"https:\/\/orchidays.fr\/blog\/#\/schema\/person\/7d6c3c19d769934f043bdc9bb29c407a","name":"Marie Devaux","image":{"@type":"ImageObject","inLanguage":"fr-FR","@id":"https:\/\/orchidays.fr\/blog\/#\/schema\/person\/image\/","url":"https:\/\/secure.gravatar.com\/avatar\/?s=96&d=mm&r=g","contentUrl":"https:\/\/secure.gravatar.com\/avatar\/?s=96&d=mm&r=g","caption":"Marie Devaux"},"description":"La d\u00e9coration d'int\u00e9rieur est mon univers depuis plus de dix ans, du conseil en agencement \u00e0 l'\u00e9criture \u00e9ditoriale. Je me consacre surtout \u00e0 l'am\u00e9nagement des pi\u00e8ces de vie : choix du canap\u00e9 selon l'espace et l'usage, harmonie des couleurs, circulation, lumi\u00e8re naturelle et petites astuces qui rendent un salon vraiment accueillant. J'aime traiter la d\u00e9co comme un sujet concret, avec des fourchettes de prix r\u00e9alistes et des crit\u00e8res mesurables plut\u00f4t que des effets de mode. Avant de recommander un meuble ou une mati\u00e8re, je compare les mod\u00e8les, je v\u00e9rifie l'entretien dans la dur\u00e9e et je pense au quotidien des familles, enfants et animaux compris. Mon angle : un int\u00e9rieur qui se vit, pas seulement qui se photographie. Je tiens \u00e0 ce que chaque conseil soit applicable, que l'on r\u00e9nove un studio ou que l'on meuble une grande maison.","sameAs":["https:\/\/mariedevaux.fr\/"],"url":"https:\/\/orchidays.fr\/blog\/auteur\/marie-d\/"}]}},"_links":{"self":[{"href":"https:\/\/orchidays.fr\/blog\/wp-json\/wp\/v2\/posts\/7539","targetHints":{"allow":["GET"]}}],"collection":[{"href":"https:\/\/orchidays.fr\/blog\/wp-json\/wp\/v2\/posts"}],"about":[{"href":"https:\/\/orchidays.fr\/blog\/wp-json\/wp\/v2\/types\/post"}],"author":[{"embeddable":true,"href":"https:\/\/orchidays.fr\/blog\/wp-json\/wp\/v2\/users\/41"}],"replies":[{"embeddable":true,"href":"https:\/\/orchidays.fr\/blog\/wp-json\/wp\/v2\/comments?post=7539"}],"version-history":[{"count":2,"href":"https:\/\/orchidays.fr\/blog\/wp-json\/wp\/v2\/posts\/7539\/revisions"}],"predecessor-version":[{"id":7624,"href":"https:\/\/orchidays.fr\/blog\/wp-json\/wp\/v2\/posts\/7539\/revisions\/7624"}],"wp:featuredmedia":[{"embeddable":true,"href":"https:\/\/orchidays.fr\/blog\/wp-json\/wp\/v2\/media\/7540"}],"wp:attachment":[{"href":"https:\/\/orchidays.fr\/blog\/wp-json\/wp\/v2\/media?parent=7539"}],"wp:term":[{"taxonomy":"category","embeddable":true,"href":"https:\/\/orchidays.fr\/blog\/wp-json\/wp\/v2\/categories?post=7539"},{"taxonomy":"post_tag","embeddable":true,"href":"https:\/\/orchidays.fr\/blog\/wp-json\/wp\/v2\/tags?post=7539"}],"curies":[{"name":"wp","href":"https:\/\/api.w.org\/{rel}","templated":true}]}}