{"id":7528,"date":"2025-02-11T16:01:00","date_gmt":"2025-02-11T15:01:00","guid":{"rendered":"https:\/\/orchidays.fr\/blog\/?p=7528"},"modified":"2025-02-08T14:58:26","modified_gmt":"2025-02-08T13:58:26","slug":"salon-de-lorchidee-2023-a-gap-un-evenement-incontournable-pour-les-passionnes","status":"publish","type":"post","link":"https:\/\/orchidays.fr\/blog\/a-la-une\/salon-de-lorchidee-2023-a-gap-un-evenement-incontournable-pour-les-passionnes\/","title":{"rendered":"Salon de l&rsquo;Orchid\u00e9e 2023 \u00e0 Gap : Un \u00c9v\u00e9nement Incontournable pour les Passionn\u00e9s"},"content":{"rendered":"<h2>D\u00e9couvrez le salon de l&rsquo;orchid\u00e9e 2023 \u00e0 Gap<\/h2>\n<p>Cette exposition unique, d\u00e9di\u00e9e aux orchid\u00e9es, offre une occasion rare de d\u00e9couvrir des vari\u00e9t\u00e9s \u00e9tonnantes et d&rsquo;\u00e9changer avec des experts du domaine. Que vous soyez un collectionneur aguerri ou un novice, cet \u00e9v\u00e9nement saura \u00e9veiller votre curiosit\u00e9 et enrichir vos connaissances.<\/p>\n<h2>Un \u00e9v\u00e9nement riche en activit\u00e9s<\/h2>\n<p>Le salon de l&rsquo;orchid\u00e9e ne se limite pas qu&rsquo;\u00e0 une simple exposition de fleurs. Les visiteurs pourront profiter de plusieurs activit\u00e9s telles que :<\/p>\n<ul>\n<li><strong>Ateliers pratiques<\/strong> : Apprenez \u00e0 cultiver et entretenir vos orchid\u00e9es avec des professionnels.<\/li>\n<li><strong>Conf\u00e9rences<\/strong> : Assistez \u00e0 des pr\u00e9sentations sur l&rsquo;histoire, la culture et la biodiversit\u00e9 des orchid\u00e9es.<\/li>\n<li><strong>Concours<\/strong> : Participez au concours de la plus belle orchid\u00e9e, et tentez de remporter des prix.<\/li>\n<\/ul>\n<p>Les activit\u00e9s vari\u00e9es garantissent une immersion totale dans l&rsquo;univers fascinant des orchid\u00e9es. De plus, vous aurez l&rsquo;opportunit\u00e9 de d\u00e9couvrir des esp\u00e8ces rares et des hybrides innovants.<\/p>\n<h2>Pourquoi participer \u00e0 cet \u00e9v\u00e9nement ?<\/h2>\n<p>Participer au salon de l&rsquo;orchid\u00e9e 2023 \u00e0 Gap pr\u00e9sente de nombreux avantages :<img width=\"1024\" height=\"576\" src=\"https:\/\/orchidays.fr\/blog\/wp-content\/uploads\/2025\/02\/stability-salon-de-lorchidee-2023-a-gap-un-evenement-incontournable-pour-les-passionnes-1.png\" class=\"aligncenter\" alt=\"Illustration d\u00e9taill\u00e9e sur Salon de l&#039;Orchid\u00e9e 2023 \u00e0 Gap : Un \u00c9v\u00e9nement Incontournable pour les Passionn\u00e9s\" title=\"Salon de l&#039;Orchid\u00e9e 2023 \u00e0 Gap : Un \u00c9v\u00e9nement Incontournable pour les Passionn\u00e9s\" decoding=\"async\" loading=\"lazy\" \/><\/p>\n<blockquote class=\"wp-embedded-content\" data-secret=\"o0vIhGS6Tp\"><p><a href=\"https:\/\/orchidays.fr\/blog\/a-la-une\/tout-savoir-sur-lorchidee-frontignan-culture-et-caracteristiques\/\">Tout savoir sur l&rsquo;orchid\u00e9e Frontignan : culture et caract\u00e9ristiques<\/a><\/p><\/blockquote>\n<p><iframe loading=\"lazy\" class=\"wp-embedded-content\" sandbox=\"allow-scripts\" security=\"restricted\" style=\"position: absolute; visibility: hidden;\" title=\"\u00ab\u00a0Tout savoir sur l&rsquo;orchid\u00e9e Frontignan : culture et caract\u00e9ristiques\u00a0\u00bb &#8212; orchidays\" src=\"https:\/\/orchidays.fr\/blog\/a-la-une\/tout-savoir-sur-lorchidee-frontignan-culture-et-caracteristiques\/embed\/#?secret=qDNpeSbvmN#?secret=o0vIhGS6Tp\" data-secret=\"o0vIhGS6Tp\" width=\"600\" height=\"338\" frameborder=\"0\" marginwidth=\"0\" marginheight=\"0\" scrolling=\"no\"><\/iframe><\/p>\n<ul>\n<li><strong>Rencontres avec des passionn\u00e9s<\/strong> : \u00c9changez avec d&rsquo;autres amateurs et cr\u00e9ez des liens autour de votre passion commune.<\/li>\n<li><strong>Acc\u00e8s \u00e0 des esp\u00e8ces uniques<\/strong> : Profitez d&rsquo;une s\u00e9lection de fleurs que vous ne trouverez nulle part ailleurs.<\/li>\n<li><strong>Conseils d&rsquo;experts<\/strong> : Recevez des recommandations personnalis\u00e9es sur l&rsquo;entretien de vos plantes.<\/li>\n<\/ul>\n<p>En participant, vous enrichirez vos connaissances et pourrez faire \u00e9voluer vos comp\u00e9tences en mati\u00e8re de jardinage.<\/p>\n<h2>Informations pratiques pour le salon<\/h2>\n<p>Voici quelques d\u00e9tails pratiques pour planifier votre visite :<\/p>\n<table>\n<tr>\n<th>Date<\/th>\n<th>Heure<\/th>\n<th>Lieu<\/th>\n<\/tr>\n<tr>\n<td>15-17 septembre 2023<\/td>\n<td>10h &#8211; 18h<\/td>\n<td>Palais des Congr\u00e8s, Gap<\/td>\n<\/tr>\n<tr>\n<td colspan=\"2\"><strong>Tarif d&rsquo;entr\u00e9e<\/strong><\/td>\n<td>5\u20ac (gratuit pour les enfants de moins de 12 ans)<\/td>\n<\/tr>\n<\/table>\n<p>Assurez-vous de r\u00e9server ces dates dans votre agenda et d&rsquo;inviter vos amis ou votre famille \u00e0 d\u00e9couvrir cet \u00e9v\u00e9nement exceptionnel.<\/p>\n<h2>FAQ :<\/h2>\n<blockquote>\n<ul>\n<li><strong>Quand se d\u00e9roule le salon de l&rsquo;orchid\u00e9e ?<\/strong>Le salon aura lieu du 15 au 17 septembre 2023.<\/li>\n<li><strong>Y a-t-il des frais d&rsquo;entr\u00e9e ?<\/strong>Oui, l&rsquo;entr\u00e9e co\u00fbte 5\u20ac, gratuite pour les enfants de moins de 12 ans.<\/li>\n<li><strong>Les ateliers sont-ils payants ?<\/strong>Certains ateliers peuvent n\u00e9cessiter un petit suppl\u00e9ment pour les mat\u00e9riaux.<\/li>\n<li><strong>Peut-on acheter des orchid\u00e9es sur place ?<\/strong>Oui, de nombreux exposants proposeront des orchid\u00e9es \u00e0 la vente.<\/li>\n<\/ul>\n<\/blockquote>\n<h2>En conclusion<\/h2>\n<p>Le salon de l&rsquo;orchid\u00e9e 2023 \u00e0 Gap repr\u00e9sente une occasion inestimable pour tous les passionn\u00e9s de fleurs. Que vous soyez novice ou expert, cet \u00e9v\u00e9nement vous permettra de d\u00e9couvrir, apprendre et partager autour des orchid\u00e9es. N&rsquo;h\u00e9sitez pas \u00e0 y participer et \u00e0 explorer cet univers fascinant qui ne manquera pas de vous \u00e9merveiller. <strong>R\u00e9servez vos dates et pr\u00e9parez-vous pour un weekend floral inoubliable !<\/strong><\/p>\n","protected":false},"excerpt":{"rendered":"","protected":false},"author":41,"featured_media":7530,"comment_status":"open","ping_status":"open","sticky":false,"template":"","format":"standard","meta":{"_acf_changed":false,"manual_indexmenow":false,"indexmenow_id_project":0,"footnotes":""},"categories":[1],"tags":[4634,4636,4635,4637,4633,4632],"class_list":["post-7528","post","type-post","status-publish","format-standard","has-post-thumbnail","hentry","category-a-la-une","tag-ateliers-pratiques","tag-concours","tag-conferences","tag-especes-uniques","tag-gap","tag-salon-de-lorchidee","generate-columns","tablet-grid-50","mobile-grid-100","grid-parent","grid-25"],"acf":[],"yoast_head":"<!-- This site is optimized with the Yoast SEO Premium plugin v21.3 (Yoast SEO v26.5) - https:\/\/yoast.com\/wordpress\/plugins\/seo\/ -->\n<title>Salon de l&#039;Orchid\u00e9e 2023 \u00e0 Gap<\/title>\n<meta name=\"description\" content=\"Cette exposition unique, d\u00e9di\u00e9e aux orchid\u00e9es, offre une occasion rare de d\u00e9couvrir des vari\u00e9t\u00e9s \u00e9tonnantes et d&#039;\u00e9changer avec des experts du domaine.\" \/>\n<meta name=\"robots\" content=\"index, follow, max-snippet:-1, max-image-preview:large, max-video-preview:-1\" \/>\n<link rel=\"canonical\" href=\"https:\/\/orchidays.fr\/blog\/a-la-une\/salon-de-lorchidee-2023-a-gap-un-evenement-incontournable-pour-les-passionnes\/\" \/>\n<meta property=\"og:locale\" content=\"fr_FR\" \/>\n<meta property=\"og:type\" content=\"article\" \/>\n<meta property=\"og:title\" content=\"Salon de l&#039;Orchid\u00e9e 2023 \u00e0 Gap\" \/>\n<meta property=\"og:description\" content=\"Cette exposition unique, d\u00e9di\u00e9e aux orchid\u00e9es, offre une occasion rare de d\u00e9couvrir des vari\u00e9t\u00e9s \u00e9tonnantes et d&#039;\u00e9changer avec des experts du domaine.\" \/>\n<meta property=\"og:url\" content=\"https:\/\/orchidays.fr\/blog\/a-la-une\/salon-de-lorchidee-2023-a-gap-un-evenement-incontournable-pour-les-passionnes\/\" \/>\n<meta property=\"og:site_name\" content=\"orchidays\" \/>\n<meta property=\"og:image\" content=\"https:\/\/orchidays.fr\/blog\/wp-content\/uploads\/2025\/02\/stability-salon-de-lorchidee-2023-a-gap-un-evenement-incontournable-pour-les-passionnes.png\" \/>\n\t<meta property=\"og:image:width\" content=\"1024\" \/>\n\t<meta property=\"og:image:height\" content=\"576\" \/>\n\t<meta property=\"og:image:type\" content=\"image\/png\" \/>\n<meta name=\"author\" content=\"Marie Devaux\" \/>\n<meta name=\"twitter:card\" content=\"summary_large_image\" \/>\n<script type=\"application\/ld+json\" class=\"yoast-schema-graph\">{\"@context\":\"https:\/\/schema.org\",\"@graph\":[{\"@type\":\"NewsArticle\",\"@id\":\"https:\/\/orchidays.fr\/blog\/a-la-une\/salon-de-lorchidee-2023-a-gap-un-evenement-incontournable-pour-les-passionnes\/#article\",\"isPartOf\":{\"@id\":\"https:\/\/orchidays.fr\/blog\/a-la-une\/salon-de-lorchidee-2023-a-gap-un-evenement-incontournable-pour-les-passionnes\/\"},\"author\":{\"name\":\"Marie Devaux\",\"@id\":\"https:\/\/orchidays.fr\/blog\/#\/schema\/person\/7d6c3c19d769934f043bdc9bb29c407a\"},\"headline\":\"Salon de l&rsquo;Orchid\u00e9e 2023 \u00e0 Gap : Un \u00c9v\u00e9nement Incontournable pour les Passionn\u00e9s\",\"datePublished\":\"2025-02-11T15:01:00+00:00\",\"mainEntityOfPage\":{\"@id\":\"https:\/\/orchidays.fr\/blog\/a-la-une\/salon-de-lorchidee-2023-a-gap-un-evenement-incontournable-pour-les-passionnes\/\"},\"wordCount\":486,\"commentCount\":22,\"publisher\":{\"@id\":\"https:\/\/orchidays.fr\/blog\/#organization\"},\"image\":{\"@id\":\"https:\/\/orchidays.fr\/blog\/a-la-une\/salon-de-lorchidee-2023-a-gap-un-evenement-incontournable-pour-les-passionnes\/#primaryimage\"},\"thumbnailUrl\":\"https:\/\/orchidays.fr\/blog\/wp-content\/uploads\/2025\/02\/stability-salon-de-lorchidee-2023-a-gap-un-evenement-incontournable-pour-les-passionnes.png\",\"keywords\":[\"Ateliers Pratiques\",\"Concours\",\"Conf\u00e9rences\",\"Esp\u00e8ces Uniques\",\"Gap\",\"Salon de l'Orchid\u00e9e\"],\"articleSection\":[\"\u00c0 la une\"],\"inLanguage\":\"fr-FR\",\"potentialAction\":[{\"@type\":\"CommentAction\",\"name\":\"Comment\",\"target\":[\"https:\/\/orchidays.fr\/blog\/a-la-une\/salon-de-lorchidee-2023-a-gap-un-evenement-incontournable-pour-les-passionnes\/#respond\"]}]},{\"@type\":\"WebPage\",\"@id\":\"https:\/\/orchidays.fr\/blog\/a-la-une\/salon-de-lorchidee-2023-a-gap-un-evenement-incontournable-pour-les-passionnes\/\",\"url\":\"https:\/\/orchidays.fr\/blog\/a-la-une\/salon-de-lorchidee-2023-a-gap-un-evenement-incontournable-pour-les-passionnes\/\",\"name\":\"Salon de l'Orchid\u00e9e 2023 \u00e0 Gap\",\"isPartOf\":{\"@id\":\"https:\/\/orchidays.fr\/blog\/#website\"},\"primaryImageOfPage\":{\"@id\":\"https:\/\/orchidays.fr\/blog\/a-la-une\/salon-de-lorchidee-2023-a-gap-un-evenement-incontournable-pour-les-passionnes\/#primaryimage\"},\"image\":{\"@id\":\"https:\/\/orchidays.fr\/blog\/a-la-une\/salon-de-lorchidee-2023-a-gap-un-evenement-incontournable-pour-les-passionnes\/#primaryimage\"},\"thumbnailUrl\":\"https:\/\/orchidays.fr\/blog\/wp-content\/uploads\/2025\/02\/stability-salon-de-lorchidee-2023-a-gap-un-evenement-incontournable-pour-les-passionnes.png\",\"datePublished\":\"2025-02-11T15:01:00+00:00\",\"description\":\"Cette exposition unique, d\u00e9di\u00e9e aux orchid\u00e9es, offre une occasion rare de d\u00e9couvrir des vari\u00e9t\u00e9s \u00e9tonnantes et d'\u00e9changer avec des experts du domaine.\",\"inLanguage\":\"fr-FR\",\"potentialAction\":[{\"@type\":\"ReadAction\",\"target\":[\"https:\/\/orchidays.fr\/blog\/a-la-une\/salon-de-lorchidee-2023-a-gap-un-evenement-incontournable-pour-les-passionnes\/\"]}]},{\"@type\":\"ImageObject\",\"inLanguage\":\"fr-FR\",\"@id\":\"https:\/\/orchidays.fr\/blog\/a-la-une\/salon-de-lorchidee-2023-a-gap-un-evenement-incontournable-pour-les-passionnes\/#primaryimage\",\"url\":\"https:\/\/orchidays.fr\/blog\/wp-content\/uploads\/2025\/02\/stability-salon-de-lorchidee-2023-a-gap-un-evenement-incontournable-pour-les-passionnes.png\",\"contentUrl\":\"https:\/\/orchidays.fr\/blog\/wp-content\/uploads\/2025\/02\/stability-salon-de-lorchidee-2023-a-gap-un-evenement-incontournable-pour-les-passionnes.png\",\"width\":1024,\"height\":576},{\"@type\":\"WebSite\",\"@id\":\"https:\/\/orchidays.fr\/blog\/#website\",\"url\":\"https:\/\/orchidays.fr\/blog\/\",\"name\":\"Orchidays\",\"description\":\"La beaut\u00e9 d\u00e9licate des orchid\u00e9es.\",\"publisher\":{\"@id\":\"https:\/\/orchidays.fr\/blog\/#organization\"},\"alternateName\":\"La beaut\u00e9 d\u00e9licate des orchid\u00e9es.\",\"potentialAction\":[{\"@type\":\"SearchAction\",\"target\":{\"@type\":\"EntryPoint\",\"urlTemplate\":\"https:\/\/orchidays.fr\/blog\/?s={search_term_string}\"},\"query-input\":{\"@type\":\"PropertyValueSpecification\",\"valueRequired\":true,\"valueName\":\"search_term_string\"}}],\"inLanguage\":\"fr-FR\"},{\"@type\":[\"Organization\",\"NewsMediaOrganization\"],\"@id\":\"https:\/\/orchidays.fr\/blog\/#organization\",\"name\":\"Orchidays\",\"alternateName\":\"Orchidays \u2014 Le m\u00e9dia des passionn\u00e9s d orchid\u00e9es\",\"url\":\"https:\/\/orchidays.fr\/blog\/\",\"logo\":{\"@type\":\"ImageObject\",\"inLanguage\":\"fr-FR\",\"@id\":\"https:\/\/orchidays.fr\/blog\/#\/schema\/logo\/image\/\",\"url\":\"https:\/\/orchidays.fr\/blog\/wp-content\/uploads\/2024\/12\/Orchidays.png\",\"contentUrl\":\"https:\/\/orchidays.fr\/blog\/wp-content\/uploads\/2024\/12\/Orchidays.png\",\"width\":500,\"height\":500,\"caption\":\"Orchidays\"},\"image\":{\"@id\":\"https:\/\/orchidays.fr\/blog\/#\/schema\/logo\/image\/\"},\"publishingPrinciples\":\"https:\/\/orchidays.fr\/blog\/charte-editoriale\/\",\"ethicsPolicy\":\"https:\/\/orchidays.fr\/blog\/charte-editoriale\/\",\"actionableFeedbackPolicy\":\"https:\/\/orchidays.fr\/blog\/contact\/\",\"foundingDate\":\"2025-01-01\"},{\"@type\":\"Person\",\"@id\":\"https:\/\/orchidays.fr\/blog\/#\/schema\/person\/7d6c3c19d769934f043bdc9bb29c407a\",\"name\":\"Marie Devaux\",\"image\":{\"@type\":\"ImageObject\",\"inLanguage\":\"fr-FR\",\"@id\":\"https:\/\/orchidays.fr\/blog\/#\/schema\/person\/image\/\",\"url\":\"https:\/\/secure.gravatar.com\/avatar\/?s=96&d=mm&r=g\",\"contentUrl\":\"https:\/\/secure.gravatar.com\/avatar\/?s=96&d=mm&r=g\",\"caption\":\"Marie Devaux\"},\"description\":\"La d\u00e9coration d'int\u00e9rieur est mon univers depuis plus de dix ans, du conseil en agencement \u00e0 l'\u00e9criture \u00e9ditoriale. Je me consacre surtout \u00e0 l'am\u00e9nagement des pi\u00e8ces de vie : choix du canap\u00e9 selon l'espace et l'usage, harmonie des couleurs, circulation, lumi\u00e8re naturelle et petites astuces qui rendent un salon vraiment accueillant. J'aime traiter la d\u00e9co comme un sujet concret, avec des fourchettes de prix r\u00e9alistes et des crit\u00e8res mesurables plut\u00f4t que des effets de mode. Avant de recommander un meuble ou une mati\u00e8re, je compare les mod\u00e8les, je v\u00e9rifie l'entretien dans la dur\u00e9e et je pense au quotidien des familles, enfants et animaux compris. Mon angle : un int\u00e9rieur qui se vit, pas seulement qui se photographie. Je tiens \u00e0 ce que chaque conseil soit applicable, que l'on r\u00e9nove un studio ou que l'on meuble une grande maison.\",\"sameAs\":[\"https:\/\/mariedevaux.fr\/\"],\"url\":\"https:\/\/orchidays.fr\/blog\/auteur\/marie-d\/\"}]}<\/script>\n<!-- \/ Yoast SEO Premium plugin. -->","yoast_head_json":{"title":"Salon de l'Orchid\u00e9e 2023 \u00e0 Gap","description":"Cette exposition unique, d\u00e9di\u00e9e aux orchid\u00e9es, offre une occasion rare de d\u00e9couvrir des vari\u00e9t\u00e9s \u00e9tonnantes et d'\u00e9changer avec des experts du domaine.","robots":{"index":"index","follow":"follow","max-snippet":"max-snippet:-1","max-image-preview":"max-image-preview:large","max-video-preview":"max-video-preview:-1"},"canonical":"https:\/\/orchidays.fr\/blog\/a-la-une\/salon-de-lorchidee-2023-a-gap-un-evenement-incontournable-pour-les-passionnes\/","og_locale":"fr_FR","og_type":"article","og_title":"Salon de l'Orchid\u00e9e 2023 \u00e0 Gap","og_description":"Cette exposition unique, d\u00e9di\u00e9e aux orchid\u00e9es, offre une occasion rare de d\u00e9couvrir des vari\u00e9t\u00e9s \u00e9tonnantes et d'\u00e9changer avec des experts du domaine.","og_url":"https:\/\/orchidays.fr\/blog\/a-la-une\/salon-de-lorchidee-2023-a-gap-un-evenement-incontournable-pour-les-passionnes\/","og_site_name":"orchidays","og_image":[{"width":1024,"height":576,"url":"https:\/\/orchidays.fr\/blog\/wp-content\/uploads\/2025\/02\/stability-salon-de-lorchidee-2023-a-gap-un-evenement-incontournable-pour-les-passionnes.png","type":"image\/png"}],"author":"Marie Devaux","twitter_card":"summary_large_image","schema":{"@context":"https:\/\/schema.org","@graph":[{"@type":"NewsArticle","@id":"https:\/\/orchidays.fr\/blog\/a-la-une\/salon-de-lorchidee-2023-a-gap-un-evenement-incontournable-pour-les-passionnes\/#article","isPartOf":{"@id":"https:\/\/orchidays.fr\/blog\/a-la-une\/salon-de-lorchidee-2023-a-gap-un-evenement-incontournable-pour-les-passionnes\/"},"author":{"name":"Marie Devaux","@id":"https:\/\/orchidays.fr\/blog\/#\/schema\/person\/7d6c3c19d769934f043bdc9bb29c407a"},"headline":"Salon de l&rsquo;Orchid\u00e9e 2023 \u00e0 Gap : Un \u00c9v\u00e9nement Incontournable pour les Passionn\u00e9s","datePublished":"2025-02-11T15:01:00+00:00","mainEntityOfPage":{"@id":"https:\/\/orchidays.fr\/blog\/a-la-une\/salon-de-lorchidee-2023-a-gap-un-evenement-incontournable-pour-les-passionnes\/"},"wordCount":486,"commentCount":22,"publisher":{"@id":"https:\/\/orchidays.fr\/blog\/#organization"},"image":{"@id":"https:\/\/orchidays.fr\/blog\/a-la-une\/salon-de-lorchidee-2023-a-gap-un-evenement-incontournable-pour-les-passionnes\/#primaryimage"},"thumbnailUrl":"https:\/\/orchidays.fr\/blog\/wp-content\/uploads\/2025\/02\/stability-salon-de-lorchidee-2023-a-gap-un-evenement-incontournable-pour-les-passionnes.png","keywords":["Ateliers Pratiques","Concours","Conf\u00e9rences","Esp\u00e8ces Uniques","Gap","Salon de l'Orchid\u00e9e"],"articleSection":["\u00c0 la une"],"inLanguage":"fr-FR","potentialAction":[{"@type":"CommentAction","name":"Comment","target":["https:\/\/orchidays.fr\/blog\/a-la-une\/salon-de-lorchidee-2023-a-gap-un-evenement-incontournable-pour-les-passionnes\/#respond"]}]},{"@type":"WebPage","@id":"https:\/\/orchidays.fr\/blog\/a-la-une\/salon-de-lorchidee-2023-a-gap-un-evenement-incontournable-pour-les-passionnes\/","url":"https:\/\/orchidays.fr\/blog\/a-la-une\/salon-de-lorchidee-2023-a-gap-un-evenement-incontournable-pour-les-passionnes\/","name":"Salon de l'Orchid\u00e9e 2023 \u00e0 Gap","isPartOf":{"@id":"https:\/\/orchidays.fr\/blog\/#website"},"primaryImageOfPage":{"@id":"https:\/\/orchidays.fr\/blog\/a-la-une\/salon-de-lorchidee-2023-a-gap-un-evenement-incontournable-pour-les-passionnes\/#primaryimage"},"image":{"@id":"https:\/\/orchidays.fr\/blog\/a-la-une\/salon-de-lorchidee-2023-a-gap-un-evenement-incontournable-pour-les-passionnes\/#primaryimage"},"thumbnailUrl":"https:\/\/orchidays.fr\/blog\/wp-content\/uploads\/2025\/02\/stability-salon-de-lorchidee-2023-a-gap-un-evenement-incontournable-pour-les-passionnes.png","datePublished":"2025-02-11T15:01:00+00:00","description":"Cette exposition unique, d\u00e9di\u00e9e aux orchid\u00e9es, offre une occasion rare de d\u00e9couvrir des vari\u00e9t\u00e9s \u00e9tonnantes et d'\u00e9changer avec des experts du domaine.","inLanguage":"fr-FR","potentialAction":[{"@type":"ReadAction","target":["https:\/\/orchidays.fr\/blog\/a-la-une\/salon-de-lorchidee-2023-a-gap-un-evenement-incontournable-pour-les-passionnes\/"]}]},{"@type":"ImageObject","inLanguage":"fr-FR","@id":"https:\/\/orchidays.fr\/blog\/a-la-une\/salon-de-lorchidee-2023-a-gap-un-evenement-incontournable-pour-les-passionnes\/#primaryimage","url":"https:\/\/orchidays.fr\/blog\/wp-content\/uploads\/2025\/02\/stability-salon-de-lorchidee-2023-a-gap-un-evenement-incontournable-pour-les-passionnes.png","contentUrl":"https:\/\/orchidays.fr\/blog\/wp-content\/uploads\/2025\/02\/stability-salon-de-lorchidee-2023-a-gap-un-evenement-incontournable-pour-les-passionnes.png","width":1024,"height":576},{"@type":"WebSite","@id":"https:\/\/orchidays.fr\/blog\/#website","url":"https:\/\/orchidays.fr\/blog\/","name":"Orchidays","description":"La beaut\u00e9 d\u00e9licate des orchid\u00e9es.","publisher":{"@id":"https:\/\/orchidays.fr\/blog\/#organization"},"alternateName":"La beaut\u00e9 d\u00e9licate des orchid\u00e9es.","potentialAction":[{"@type":"SearchAction","target":{"@type":"EntryPoint","urlTemplate":"https:\/\/orchidays.fr\/blog\/?s={search_term_string}"},"query-input":{"@type":"PropertyValueSpecification","valueRequired":true,"valueName":"search_term_string"}}],"inLanguage":"fr-FR"},{"@type":["Organization","NewsMediaOrganization"],"@id":"https:\/\/orchidays.fr\/blog\/#organization","name":"Orchidays","alternateName":"Orchidays \u2014 Le m\u00e9dia des passionn\u00e9s d orchid\u00e9es","url":"https:\/\/orchidays.fr\/blog\/","logo":{"@type":"ImageObject","inLanguage":"fr-FR","@id":"https:\/\/orchidays.fr\/blog\/#\/schema\/logo\/image\/","url":"https:\/\/orchidays.fr\/blog\/wp-content\/uploads\/2024\/12\/Orchidays.png","contentUrl":"https:\/\/orchidays.fr\/blog\/wp-content\/uploads\/2024\/12\/Orchidays.png","width":500,"height":500,"caption":"Orchidays"},"image":{"@id":"https:\/\/orchidays.fr\/blog\/#\/schema\/logo\/image\/"},"publishingPrinciples":"https:\/\/orchidays.fr\/blog\/charte-editoriale\/","ethicsPolicy":"https:\/\/orchidays.fr\/blog\/charte-editoriale\/","actionableFeedbackPolicy":"https:\/\/orchidays.fr\/blog\/contact\/","foundingDate":"2025-01-01"},{"@type":"Person","@id":"https:\/\/orchidays.fr\/blog\/#\/schema\/person\/7d6c3c19d769934f043bdc9bb29c407a","name":"Marie Devaux","image":{"@type":"ImageObject","inLanguage":"fr-FR","@id":"https:\/\/orchidays.fr\/blog\/#\/schema\/person\/image\/","url":"https:\/\/secure.gravatar.com\/avatar\/?s=96&d=mm&r=g","contentUrl":"https:\/\/secure.gravatar.com\/avatar\/?s=96&d=mm&r=g","caption":"Marie Devaux"},"description":"La d\u00e9coration d'int\u00e9rieur est mon univers depuis plus de dix ans, du conseil en agencement \u00e0 l'\u00e9criture \u00e9ditoriale. Je me consacre surtout \u00e0 l'am\u00e9nagement des pi\u00e8ces de vie : choix du canap\u00e9 selon l'espace et l'usage, harmonie des couleurs, circulation, lumi\u00e8re naturelle et petites astuces qui rendent un salon vraiment accueillant. J'aime traiter la d\u00e9co comme un sujet concret, avec des fourchettes de prix r\u00e9alistes et des crit\u00e8res mesurables plut\u00f4t que des effets de mode. Avant de recommander un meuble ou une mati\u00e8re, je compare les mod\u00e8les, je v\u00e9rifie l'entretien dans la dur\u00e9e et je pense au quotidien des familles, enfants et animaux compris. Mon angle : un int\u00e9rieur qui se vit, pas seulement qui se photographie. Je tiens \u00e0 ce que chaque conseil soit applicable, que l'on r\u00e9nove un studio ou que l'on meuble une grande maison.","sameAs":["https:\/\/mariedevaux.fr\/"],"url":"https:\/\/orchidays.fr\/blog\/auteur\/marie-d\/"}]}},"_links":{"self":[{"href":"https:\/\/orchidays.fr\/blog\/wp-json\/wp\/v2\/posts\/7528","targetHints":{"allow":["GET"]}}],"collection":[{"href":"https:\/\/orchidays.fr\/blog\/wp-json\/wp\/v2\/posts"}],"about":[{"href":"https:\/\/orchidays.fr\/blog\/wp-json\/wp\/v2\/types\/post"}],"author":[{"embeddable":true,"href":"https:\/\/orchidays.fr\/blog\/wp-json\/wp\/v2\/users\/41"}],"replies":[{"embeddable":true,"href":"https:\/\/orchidays.fr\/blog\/wp-json\/wp\/v2\/comments?post=7528"}],"version-history":[{"count":2,"href":"https:\/\/orchidays.fr\/blog\/wp-json\/wp\/v2\/posts\/7528\/revisions"}],"predecessor-version":[{"id":7643,"href":"https:\/\/orchidays.fr\/blog\/wp-json\/wp\/v2\/posts\/7528\/revisions\/7643"}],"wp:featuredmedia":[{"embeddable":true,"href":"https:\/\/orchidays.fr\/blog\/wp-json\/wp\/v2\/media\/7530"}],"wp:attachment":[{"href":"https:\/\/orchidays.fr\/blog\/wp-json\/wp\/v2\/media?parent=7528"}],"wp:term":[{"taxonomy":"category","embeddable":true,"href":"https:\/\/orchidays.fr\/blog\/wp-json\/wp\/v2\/categories?post=7528"},{"taxonomy":"post_tag","embeddable":true,"href":"https:\/\/orchidays.fr\/blog\/wp-json\/wp\/v2\/tags?post=7528"}],"curies":[{"name":"wp","href":"https:\/\/api.w.org\/{rel}","templated":true}]}}