{"id":7527,"date":"2025-02-08T17:01:00","date_gmt":"2025-02-08T16:01:00","guid":{"rendered":"https:\/\/orchidays.fr\/blog\/?p=7527"},"modified":"2025-02-08T14:58:24","modified_gmt":"2025-02-08T13:58:24","slug":"decouvrez-le-salon-lorchidee-a-paris-un-evenement-floral-incontournable","status":"publish","type":"post","link":"https:\/\/orchidays.fr\/blog\/a-la-une\/decouvrez-le-salon-lorchidee-a-paris-un-evenement-floral-incontournable\/","title":{"rendered":"D\u00e9couvrez le Salon L&rsquo;Orchid\u00e9e \u00e0 Paris : Un \u00c9v\u00e9nement Floral Incontournable"},"content":{"rendered":"<h2>Introduction au Salon L&rsquo;Orchid\u00e9e<\/h2>\n<p>Cet \u00e9v\u00e9nement unique met en avant l&rsquo;univers fascinant des orchid\u00e9es, en rassemblant des exposants, des passionn\u00e9s et des experts. Que vous soyez novice ou collectionneur aguerri, cet \u00e9v\u00e9nement vous promet une immersion totale dans le monde floral.<\/p>\n<h2>Un \u00e9v\u00e9nement riche en d\u00e9couvertes<\/h2>\n<p>Le Salon L&rsquo;Orchid\u00e9e ne se limite pas \u00e0 l&rsquo;exposition de magnifiques fleurs. Il propose \u00e9galement des conf\u00e9rences, des ateliers pratiques et des d\u00e9monstrations qui permettent d&rsquo;apprendre sur les diff\u00e9rentes esp\u00e8ces d&rsquo;orchid\u00e9es ainsi que sur leurs soins. Les visiteurs peuvent \u00e9changer avec des experts qui partagent leur savoir-faire et leurs astuces.<\/p>\n<p>Cette ann\u00e9e, le salon met l&rsquo;accent sur la diversit\u00e9 des esp\u00e8ces d&rsquo;orchid\u00e9es, avec des vari\u00e9t\u00e9s rares et exotiques pr\u00e9sent\u00e9es par des producteurs du monde entier. Les visiteurs pourront admirer des sp\u00e9cimens uniques et d\u00e9couvrir les derni\u00e8res tendances en mati\u00e8re de culture et d&rsquo;entretien des orchid\u00e9es.<img width=\"1024\" height=\"576\" src=\"https:\/\/orchidays.fr\/blog\/wp-content\/uploads\/2025\/02\/stability-decouvrez-le-salon-lorchidee-a-paris-un-evenement-floral-incontournable-1.png\" class=\"aligncenter\" alt=\"Illustration d\u00e9taill\u00e9e sur D\u00e9couvrez le Salon L&#039;Orchid\u00e9e \u00e0 Paris : Un \u00c9v\u00e9nement Floral Incontournable\" title=\"D\u00e9couvrez le Salon L&#039;Orchid\u00e9e \u00e0 Paris : Un \u00c9v\u00e9nement Floral Incontournable\" decoding=\"async\" loading=\"lazy\" \/><\/p>\n<blockquote class=\"wp-embedded-content\" data-secret=\"EC7Rcs6LIk\"><p><a href=\"https:\/\/orchidays.fr\/blog\/a-la-une\/tout-savoir-sur-lorchidee-frontignan-culture-et-caracteristiques\/\">Tout savoir sur l&rsquo;orchid\u00e9e Frontignan : culture et caract\u00e9ristiques<\/a><\/p><\/blockquote>\n<p><iframe loading=\"lazy\" class=\"wp-embedded-content\" sandbox=\"allow-scripts\" security=\"restricted\" style=\"position: absolute; visibility: hidden;\" title=\"\u00ab\u00a0Tout savoir sur l&rsquo;orchid\u00e9e Frontignan : culture et caract\u00e9ristiques\u00a0\u00bb &#8212; orchidays\" src=\"https:\/\/orchidays.fr\/blog\/a-la-une\/tout-savoir-sur-lorchidee-frontignan-culture-et-caracteristiques\/embed\/#?secret=V1lykMeeEf#?secret=EC7Rcs6LIk\" data-secret=\"EC7Rcs6LIk\" width=\"600\" height=\"338\" frameborder=\"0\" marginwidth=\"0\" marginheight=\"0\" scrolling=\"no\"><\/iframe><\/p>\n<h2>Les temps forts du salon<\/h2>\n<ul>\n<li><strong>Expositions florales :<\/strong> Des compositions \u00e9poustouflantes r\u00e9alis\u00e9es par des fleuristes renomm\u00e9s.<\/li>\n<li><strong>Ateliers pratiques :<\/strong> Des sessions interactives pour apprendre \u00e0 cultiver et entretenir vos orchid\u00e9es.<\/li>\n<li><strong>Conf\u00e9rences d&rsquo;experts :<\/strong> Des sp\u00e9cialistes de la botanique partageront leurs connaissances sur les orchid\u00e9es.<\/li>\n<\/ul>\n<p>Un \u00e9v\u00e9nement qui attire chaque ann\u00e9e des milliers de visiteurs, curieux d&rsquo;explorer les merveilles des orchid\u00e9es. Les \u00e9changes entre passionn\u00e9s et les conseils des experts sont des moments appr\u00e9ci\u00e9s par tous.<\/p>\n<h2>Comment participer au Salon L&rsquo;Orchid\u00e9e ?<\/h2>\n<p>Participer au Salon L&rsquo;Orchid\u00e9e est simple. Les billets sont disponibles en ligne ou \u00e0 l&rsquo;entr\u00e9e du salon. Assurez-vous de v\u00e9rifier les dates exactes et les horaires d&rsquo;ouverture. Le salon se d\u00e9roule g\u00e9n\u00e9ralement au c\u0153ur de Paris, facilitant l&rsquo;acc\u00e8s pour tous. Pr\u00e9parez-vous \u00e0 une journ\u00e9e riche en couleurs et en parfums !<\/p>\n<table>\n<tr>\n<th>\u00c9v\u00e9nement<\/th>\n<th>Date<\/th>\n<th>Lieu<\/th>\n<\/tr>\n<tr>\n<td>Salon L&rsquo;Orchid\u00e9e 2023<\/td>\n<td>15 au 17 septembre<\/td>\n<td>Palais des Congr\u00e8s, Paris<\/td>\n<\/tr>\n<tr>\n<td>Ateliers pratiques<\/td>\n<td>15 et 16 septembre<\/td>\n<td>Salle des Expositions<\/td>\n<\/tr>\n<tr>\n<td>Conf\u00e9rences d&rsquo;experts<\/td>\n<td>16 septembre<\/td>\n<td>Salle de Conf\u00e9rence A<\/td>\n<\/tr>\n<\/table>\n<h2>FAQ :<\/h2>\n<blockquote>\n<ul>\n<li><strong>Quels types d&rsquo;orchid\u00e9es seront pr\u00e9sent\u00e9s ?<\/strong> Le salon exposera une grande vari\u00e9t\u00e9 d&rsquo;orchid\u00e9es, allant des plus communes aux esp\u00e8ces rares.<\/li>\n<li><strong>Faut-il r\u00e9server \u00e0 l&rsquo;avance ?<\/strong> Il est conseill\u00e9 de r\u00e9server vos billets en ligne pour \u00e9viter les files d&rsquo;attente.<\/li>\n<li><strong>Les ateliers sont-ils payants ?<\/strong> Certains ateliers peuvent n\u00e9cessiter un petit suppl\u00e9ment, mais la plupart sont inclus dans le prix d&rsquo;entr\u00e9e.<\/li>\n<li><strong>Y a-t-il des activit\u00e9s pour les enfants ?<\/strong> Oui, des activit\u00e9s ludiques sont propos\u00e9es pour initier les plus jeunes au monde des plantes.<\/li>\n<\/ul>\n<\/blockquote>\n<h2>Conclusion : Un rendez-vous \u00e0 ne pas manquer<\/h2>\n<p>Le Salon L&rsquo;Orchid\u00e9e \u00e0 Paris est bien plus qu&rsquo;une simple exposition de fleurs. C&rsquo;est une c\u00e9l\u00e9bration de la beaut\u00e9 naturelle et du savoir-faire horticole. En participant, vous aurez l&rsquo;occasion de d\u00e9couvrir des esp\u00e8ces fascinantes, d&rsquo;apprendre des techniques de culture et de rencontrer des passionn\u00e9s comme vous. Marquez vos calendriers pour cet \u00e9v\u00e9nement exceptionnel et plongez dans l&rsquo;univers enchanteur des orchid\u00e9es.<\/p>\n","protected":false},"excerpt":{"rendered":"","protected":false},"author":41,"featured_media":7529,"comment_status":"open","ping_status":"open","sticky":false,"template":"","format":"standard","meta":{"_acf_changed":false,"manual_indexmenow":false,"indexmenow_id_project":0,"footnotes":""},"categories":[1],"tags":[4634,4640,4639,3737,3715,4638],"class_list":["post-7527","post","type-post","status-publish","format-standard","has-post-thumbnail","hentry","category-a-la-une","tag-ateliers-pratiques","tag-conferences-dexperts","tag-evenement","tag-fleurs","tag-orchidees","tag-salon-lorchidee","generate-columns","tablet-grid-50","mobile-grid-100","grid-parent","grid-25"],"acf":[],"yoast_head":"<!-- This site is optimized with the Yoast SEO Premium plugin v21.3 (Yoast SEO v26.5) - https:\/\/yoast.com\/wordpress\/plugins\/seo\/ -->\n<title>D\u00e9couvrez le Salon L&#039;Orchid\u00e9e \u00e0 Paris<\/title>\n<meta name=\"description\" content=\"L&#039;Orchid\u00e9e Cet \u00e9v\u00e9nement unique met en avant l&#039;univers fascinant des orchid\u00e9es, en rassemblant des exposants, des passionn\u00e9s et des experts.\" \/>\n<meta name=\"robots\" content=\"index, follow, max-snippet:-1, max-image-preview:large, max-video-preview:-1\" \/>\n<link rel=\"canonical\" href=\"https:\/\/orchidays.fr\/blog\/a-la-une\/decouvrez-le-salon-lorchidee-a-paris-un-evenement-floral-incontournable\/\" \/>\n<meta property=\"og:locale\" content=\"fr_FR\" \/>\n<meta property=\"og:type\" content=\"article\" \/>\n<meta property=\"og:title\" content=\"D\u00e9couvrez le Salon L&#039;Orchid\u00e9e \u00e0 Paris\" \/>\n<meta property=\"og:description\" content=\"L&#039;Orchid\u00e9e Cet \u00e9v\u00e9nement unique met en avant l&#039;univers fascinant des orchid\u00e9es, en rassemblant des exposants, des passionn\u00e9s et des experts.\" \/>\n<meta property=\"og:url\" content=\"https:\/\/orchidays.fr\/blog\/a-la-une\/decouvrez-le-salon-lorchidee-a-paris-un-evenement-floral-incontournable\/\" \/>\n<meta property=\"og:site_name\" content=\"orchidays\" \/>\n<meta property=\"og:image\" content=\"https:\/\/orchidays.fr\/blog\/wp-content\/uploads\/2025\/02\/stability-decouvrez-le-salon-lorchidee-a-paris-un-evenement-floral-incontournable.png\" \/>\n\t<meta property=\"og:image:width\" content=\"1024\" \/>\n\t<meta property=\"og:image:height\" content=\"576\" \/>\n\t<meta property=\"og:image:type\" content=\"image\/png\" \/>\n<meta name=\"author\" content=\"Marie Devaux\" \/>\n<meta name=\"twitter:card\" content=\"summary_large_image\" \/>\n<script type=\"application\/ld+json\" class=\"yoast-schema-graph\">{\"@context\":\"https:\/\/schema.org\",\"@graph\":[{\"@type\":\"NewsArticle\",\"@id\":\"https:\/\/orchidays.fr\/blog\/a-la-une\/decouvrez-le-salon-lorchidee-a-paris-un-evenement-floral-incontournable\/#article\",\"isPartOf\":{\"@id\":\"https:\/\/orchidays.fr\/blog\/a-la-une\/decouvrez-le-salon-lorchidee-a-paris-un-evenement-floral-incontournable\/\"},\"author\":{\"name\":\"Marie Devaux\",\"@id\":\"https:\/\/orchidays.fr\/blog\/#\/schema\/person\/7d6c3c19d769934f043bdc9bb29c407a\"},\"headline\":\"D\u00e9couvrez le Salon L&rsquo;Orchid\u00e9e \u00e0 Paris : Un \u00c9v\u00e9nement Floral Incontournable\",\"datePublished\":\"2025-02-08T16:01:00+00:00\",\"mainEntityOfPage\":{\"@id\":\"https:\/\/orchidays.fr\/blog\/a-la-une\/decouvrez-le-salon-lorchidee-a-paris-un-evenement-floral-incontournable\/\"},\"wordCount\":557,\"commentCount\":25,\"publisher\":{\"@id\":\"https:\/\/orchidays.fr\/blog\/#organization\"},\"image\":{\"@id\":\"https:\/\/orchidays.fr\/blog\/a-la-une\/decouvrez-le-salon-lorchidee-a-paris-un-evenement-floral-incontournable\/#primaryimage\"},\"thumbnailUrl\":\"https:\/\/orchidays.fr\/blog\/wp-content\/uploads\/2025\/02\/stability-decouvrez-le-salon-lorchidee-a-paris-un-evenement-floral-incontournable.png\",\"keywords\":[\"Ateliers Pratiques\",\"Conf\u00e9rences d'experts\",\"\u00c9v\u00e9nement\",\"Fleurs\",\"Orchid\u00e9es\",\"Salon L'Orchid\u00e9e\"],\"articleSection\":[\"\u00c0 la une\"],\"inLanguage\":\"fr-FR\",\"potentialAction\":[{\"@type\":\"CommentAction\",\"name\":\"Comment\",\"target\":[\"https:\/\/orchidays.fr\/blog\/a-la-une\/decouvrez-le-salon-lorchidee-a-paris-un-evenement-floral-incontournable\/#respond\"]}]},{\"@type\":\"WebPage\",\"@id\":\"https:\/\/orchidays.fr\/blog\/a-la-une\/decouvrez-le-salon-lorchidee-a-paris-un-evenement-floral-incontournable\/\",\"url\":\"https:\/\/orchidays.fr\/blog\/a-la-une\/decouvrez-le-salon-lorchidee-a-paris-un-evenement-floral-incontournable\/\",\"name\":\"D\u00e9couvrez le Salon L'Orchid\u00e9e \u00e0 Paris\",\"isPartOf\":{\"@id\":\"https:\/\/orchidays.fr\/blog\/#website\"},\"primaryImageOfPage\":{\"@id\":\"https:\/\/orchidays.fr\/blog\/a-la-une\/decouvrez-le-salon-lorchidee-a-paris-un-evenement-floral-incontournable\/#primaryimage\"},\"image\":{\"@id\":\"https:\/\/orchidays.fr\/blog\/a-la-une\/decouvrez-le-salon-lorchidee-a-paris-un-evenement-floral-incontournable\/#primaryimage\"},\"thumbnailUrl\":\"https:\/\/orchidays.fr\/blog\/wp-content\/uploads\/2025\/02\/stability-decouvrez-le-salon-lorchidee-a-paris-un-evenement-floral-incontournable.png\",\"datePublished\":\"2025-02-08T16:01:00+00:00\",\"description\":\"L'Orchid\u00e9e Cet \u00e9v\u00e9nement unique met en avant l'univers fascinant des orchid\u00e9es, en rassemblant des exposants, des passionn\u00e9s et des experts.\",\"inLanguage\":\"fr-FR\",\"potentialAction\":[{\"@type\":\"ReadAction\",\"target\":[\"https:\/\/orchidays.fr\/blog\/a-la-une\/decouvrez-le-salon-lorchidee-a-paris-un-evenement-floral-incontournable\/\"]}]},{\"@type\":\"ImageObject\",\"inLanguage\":\"fr-FR\",\"@id\":\"https:\/\/orchidays.fr\/blog\/a-la-une\/decouvrez-le-salon-lorchidee-a-paris-un-evenement-floral-incontournable\/#primaryimage\",\"url\":\"https:\/\/orchidays.fr\/blog\/wp-content\/uploads\/2025\/02\/stability-decouvrez-le-salon-lorchidee-a-paris-un-evenement-floral-incontournable.png\",\"contentUrl\":\"https:\/\/orchidays.fr\/blog\/wp-content\/uploads\/2025\/02\/stability-decouvrez-le-salon-lorchidee-a-paris-un-evenement-floral-incontournable.png\",\"width\":1024,\"height\":576},{\"@type\":\"WebSite\",\"@id\":\"https:\/\/orchidays.fr\/blog\/#website\",\"url\":\"https:\/\/orchidays.fr\/blog\/\",\"name\":\"Orchidays\",\"description\":\"La beaut\u00e9 d\u00e9licate des orchid\u00e9es.\",\"publisher\":{\"@id\":\"https:\/\/orchidays.fr\/blog\/#organization\"},\"alternateName\":\"La beaut\u00e9 d\u00e9licate des orchid\u00e9es.\",\"potentialAction\":[{\"@type\":\"SearchAction\",\"target\":{\"@type\":\"EntryPoint\",\"urlTemplate\":\"https:\/\/orchidays.fr\/blog\/?s={search_term_string}\"},\"query-input\":{\"@type\":\"PropertyValueSpecification\",\"valueRequired\":true,\"valueName\":\"search_term_string\"}}],\"inLanguage\":\"fr-FR\"},{\"@type\":[\"Organization\",\"NewsMediaOrganization\"],\"@id\":\"https:\/\/orchidays.fr\/blog\/#organization\",\"name\":\"Orchidays\",\"alternateName\":\"Orchidays \u2014 Le m\u00e9dia des passionn\u00e9s d orchid\u00e9es\",\"url\":\"https:\/\/orchidays.fr\/blog\/\",\"logo\":{\"@type\":\"ImageObject\",\"inLanguage\":\"fr-FR\",\"@id\":\"https:\/\/orchidays.fr\/blog\/#\/schema\/logo\/image\/\",\"url\":\"https:\/\/orchidays.fr\/blog\/wp-content\/uploads\/2024\/12\/Orchidays.png\",\"contentUrl\":\"https:\/\/orchidays.fr\/blog\/wp-content\/uploads\/2024\/12\/Orchidays.png\",\"width\":500,\"height\":500,\"caption\":\"Orchidays\"},\"image\":{\"@id\":\"https:\/\/orchidays.fr\/blog\/#\/schema\/logo\/image\/\"},\"publishingPrinciples\":\"https:\/\/orchidays.fr\/blog\/charte-editoriale\/\",\"ethicsPolicy\":\"https:\/\/orchidays.fr\/blog\/charte-editoriale\/\",\"actionableFeedbackPolicy\":\"https:\/\/orchidays.fr\/blog\/contact\/\",\"foundingDate\":\"2025-01-01\"},{\"@type\":\"Person\",\"@id\":\"https:\/\/orchidays.fr\/blog\/#\/schema\/person\/7d6c3c19d769934f043bdc9bb29c407a\",\"name\":\"Marie Devaux\",\"image\":{\"@type\":\"ImageObject\",\"inLanguage\":\"fr-FR\",\"@id\":\"https:\/\/orchidays.fr\/blog\/#\/schema\/person\/image\/\",\"url\":\"https:\/\/secure.gravatar.com\/avatar\/?s=96&d=mm&r=g\",\"contentUrl\":\"https:\/\/secure.gravatar.com\/avatar\/?s=96&d=mm&r=g\",\"caption\":\"Marie Devaux\"},\"description\":\"La d\u00e9coration d'int\u00e9rieur est mon univers depuis plus de dix ans, du conseil en agencement \u00e0 l'\u00e9criture \u00e9ditoriale. Je me consacre surtout \u00e0 l'am\u00e9nagement des pi\u00e8ces de vie : choix du canap\u00e9 selon l'espace et l'usage, harmonie des couleurs, circulation, lumi\u00e8re naturelle et petites astuces qui rendent un salon vraiment accueillant. J'aime traiter la d\u00e9co comme un sujet concret, avec des fourchettes de prix r\u00e9alistes et des crit\u00e8res mesurables plut\u00f4t que des effets de mode. Avant de recommander un meuble ou une mati\u00e8re, je compare les mod\u00e8les, je v\u00e9rifie l'entretien dans la dur\u00e9e et je pense au quotidien des familles, enfants et animaux compris. Mon angle : un int\u00e9rieur qui se vit, pas seulement qui se photographie. Je tiens \u00e0 ce que chaque conseil soit applicable, que l'on r\u00e9nove un studio ou que l'on meuble une grande maison.\",\"sameAs\":[\"https:\/\/mariedevaux.fr\/\"],\"url\":\"https:\/\/orchidays.fr\/blog\/auteur\/marie-d\/\"}]}<\/script>\n<!-- \/ Yoast SEO Premium plugin. -->","yoast_head_json":{"title":"D\u00e9couvrez le Salon L'Orchid\u00e9e \u00e0 Paris","description":"L'Orchid\u00e9e Cet \u00e9v\u00e9nement unique met en avant l'univers fascinant des orchid\u00e9es, en rassemblant des exposants, des passionn\u00e9s et des experts.","robots":{"index":"index","follow":"follow","max-snippet":"max-snippet:-1","max-image-preview":"max-image-preview:large","max-video-preview":"max-video-preview:-1"},"canonical":"https:\/\/orchidays.fr\/blog\/a-la-une\/decouvrez-le-salon-lorchidee-a-paris-un-evenement-floral-incontournable\/","og_locale":"fr_FR","og_type":"article","og_title":"D\u00e9couvrez le Salon L'Orchid\u00e9e \u00e0 Paris","og_description":"L'Orchid\u00e9e Cet \u00e9v\u00e9nement unique met en avant l'univers fascinant des orchid\u00e9es, en rassemblant des exposants, des passionn\u00e9s et des experts.","og_url":"https:\/\/orchidays.fr\/blog\/a-la-une\/decouvrez-le-salon-lorchidee-a-paris-un-evenement-floral-incontournable\/","og_site_name":"orchidays","og_image":[{"width":1024,"height":576,"url":"https:\/\/orchidays.fr\/blog\/wp-content\/uploads\/2025\/02\/stability-decouvrez-le-salon-lorchidee-a-paris-un-evenement-floral-incontournable.png","type":"image\/png"}],"author":"Marie Devaux","twitter_card":"summary_large_image","schema":{"@context":"https:\/\/schema.org","@graph":[{"@type":"NewsArticle","@id":"https:\/\/orchidays.fr\/blog\/a-la-une\/decouvrez-le-salon-lorchidee-a-paris-un-evenement-floral-incontournable\/#article","isPartOf":{"@id":"https:\/\/orchidays.fr\/blog\/a-la-une\/decouvrez-le-salon-lorchidee-a-paris-un-evenement-floral-incontournable\/"},"author":{"name":"Marie Devaux","@id":"https:\/\/orchidays.fr\/blog\/#\/schema\/person\/7d6c3c19d769934f043bdc9bb29c407a"},"headline":"D\u00e9couvrez le Salon L&rsquo;Orchid\u00e9e \u00e0 Paris : Un \u00c9v\u00e9nement Floral Incontournable","datePublished":"2025-02-08T16:01:00+00:00","mainEntityOfPage":{"@id":"https:\/\/orchidays.fr\/blog\/a-la-une\/decouvrez-le-salon-lorchidee-a-paris-un-evenement-floral-incontournable\/"},"wordCount":557,"commentCount":25,"publisher":{"@id":"https:\/\/orchidays.fr\/blog\/#organization"},"image":{"@id":"https:\/\/orchidays.fr\/blog\/a-la-une\/decouvrez-le-salon-lorchidee-a-paris-un-evenement-floral-incontournable\/#primaryimage"},"thumbnailUrl":"https:\/\/orchidays.fr\/blog\/wp-content\/uploads\/2025\/02\/stability-decouvrez-le-salon-lorchidee-a-paris-un-evenement-floral-incontournable.png","keywords":["Ateliers Pratiques","Conf\u00e9rences d'experts","\u00c9v\u00e9nement","Fleurs","Orchid\u00e9es","Salon L'Orchid\u00e9e"],"articleSection":["\u00c0 la une"],"inLanguage":"fr-FR","potentialAction":[{"@type":"CommentAction","name":"Comment","target":["https:\/\/orchidays.fr\/blog\/a-la-une\/decouvrez-le-salon-lorchidee-a-paris-un-evenement-floral-incontournable\/#respond"]}]},{"@type":"WebPage","@id":"https:\/\/orchidays.fr\/blog\/a-la-une\/decouvrez-le-salon-lorchidee-a-paris-un-evenement-floral-incontournable\/","url":"https:\/\/orchidays.fr\/blog\/a-la-une\/decouvrez-le-salon-lorchidee-a-paris-un-evenement-floral-incontournable\/","name":"D\u00e9couvrez le Salon L'Orchid\u00e9e \u00e0 Paris","isPartOf":{"@id":"https:\/\/orchidays.fr\/blog\/#website"},"primaryImageOfPage":{"@id":"https:\/\/orchidays.fr\/blog\/a-la-une\/decouvrez-le-salon-lorchidee-a-paris-un-evenement-floral-incontournable\/#primaryimage"},"image":{"@id":"https:\/\/orchidays.fr\/blog\/a-la-une\/decouvrez-le-salon-lorchidee-a-paris-un-evenement-floral-incontournable\/#primaryimage"},"thumbnailUrl":"https:\/\/orchidays.fr\/blog\/wp-content\/uploads\/2025\/02\/stability-decouvrez-le-salon-lorchidee-a-paris-un-evenement-floral-incontournable.png","datePublished":"2025-02-08T16:01:00+00:00","description":"L'Orchid\u00e9e Cet \u00e9v\u00e9nement unique met en avant l'univers fascinant des orchid\u00e9es, en rassemblant des exposants, des passionn\u00e9s et des experts.","inLanguage":"fr-FR","potentialAction":[{"@type":"ReadAction","target":["https:\/\/orchidays.fr\/blog\/a-la-une\/decouvrez-le-salon-lorchidee-a-paris-un-evenement-floral-incontournable\/"]}]},{"@type":"ImageObject","inLanguage":"fr-FR","@id":"https:\/\/orchidays.fr\/blog\/a-la-une\/decouvrez-le-salon-lorchidee-a-paris-un-evenement-floral-incontournable\/#primaryimage","url":"https:\/\/orchidays.fr\/blog\/wp-content\/uploads\/2025\/02\/stability-decouvrez-le-salon-lorchidee-a-paris-un-evenement-floral-incontournable.png","contentUrl":"https:\/\/orchidays.fr\/blog\/wp-content\/uploads\/2025\/02\/stability-decouvrez-le-salon-lorchidee-a-paris-un-evenement-floral-incontournable.png","width":1024,"height":576},{"@type":"WebSite","@id":"https:\/\/orchidays.fr\/blog\/#website","url":"https:\/\/orchidays.fr\/blog\/","name":"Orchidays","description":"La beaut\u00e9 d\u00e9licate des orchid\u00e9es.","publisher":{"@id":"https:\/\/orchidays.fr\/blog\/#organization"},"alternateName":"La beaut\u00e9 d\u00e9licate des orchid\u00e9es.","potentialAction":[{"@type":"SearchAction","target":{"@type":"EntryPoint","urlTemplate":"https:\/\/orchidays.fr\/blog\/?s={search_term_string}"},"query-input":{"@type":"PropertyValueSpecification","valueRequired":true,"valueName":"search_term_string"}}],"inLanguage":"fr-FR"},{"@type":["Organization","NewsMediaOrganization"],"@id":"https:\/\/orchidays.fr\/blog\/#organization","name":"Orchidays","alternateName":"Orchidays \u2014 Le m\u00e9dia des passionn\u00e9s d orchid\u00e9es","url":"https:\/\/orchidays.fr\/blog\/","logo":{"@type":"ImageObject","inLanguage":"fr-FR","@id":"https:\/\/orchidays.fr\/blog\/#\/schema\/logo\/image\/","url":"https:\/\/orchidays.fr\/blog\/wp-content\/uploads\/2024\/12\/Orchidays.png","contentUrl":"https:\/\/orchidays.fr\/blog\/wp-content\/uploads\/2024\/12\/Orchidays.png","width":500,"height":500,"caption":"Orchidays"},"image":{"@id":"https:\/\/orchidays.fr\/blog\/#\/schema\/logo\/image\/"},"publishingPrinciples":"https:\/\/orchidays.fr\/blog\/charte-editoriale\/","ethicsPolicy":"https:\/\/orchidays.fr\/blog\/charte-editoriale\/","actionableFeedbackPolicy":"https:\/\/orchidays.fr\/blog\/contact\/","foundingDate":"2025-01-01"},{"@type":"Person","@id":"https:\/\/orchidays.fr\/blog\/#\/schema\/person\/7d6c3c19d769934f043bdc9bb29c407a","name":"Marie Devaux","image":{"@type":"ImageObject","inLanguage":"fr-FR","@id":"https:\/\/orchidays.fr\/blog\/#\/schema\/person\/image\/","url":"https:\/\/secure.gravatar.com\/avatar\/?s=96&d=mm&r=g","contentUrl":"https:\/\/secure.gravatar.com\/avatar\/?s=96&d=mm&r=g","caption":"Marie Devaux"},"description":"La d\u00e9coration d'int\u00e9rieur est mon univers depuis plus de dix ans, du conseil en agencement \u00e0 l'\u00e9criture \u00e9ditoriale. Je me consacre surtout \u00e0 l'am\u00e9nagement des pi\u00e8ces de vie : choix du canap\u00e9 selon l'espace et l'usage, harmonie des couleurs, circulation, lumi\u00e8re naturelle et petites astuces qui rendent un salon vraiment accueillant. J'aime traiter la d\u00e9co comme un sujet concret, avec des fourchettes de prix r\u00e9alistes et des crit\u00e8res mesurables plut\u00f4t que des effets de mode. Avant de recommander un meuble ou une mati\u00e8re, je compare les mod\u00e8les, je v\u00e9rifie l'entretien dans la dur\u00e9e et je pense au quotidien des familles, enfants et animaux compris. Mon angle : un int\u00e9rieur qui se vit, pas seulement qui se photographie. Je tiens \u00e0 ce que chaque conseil soit applicable, que l'on r\u00e9nove un studio ou que l'on meuble une grande maison.","sameAs":["https:\/\/mariedevaux.fr\/"],"url":"https:\/\/orchidays.fr\/blog\/auteur\/marie-d\/"}]}},"_links":{"self":[{"href":"https:\/\/orchidays.fr\/blog\/wp-json\/wp\/v2\/posts\/7527","targetHints":{"allow":["GET"]}}],"collection":[{"href":"https:\/\/orchidays.fr\/blog\/wp-json\/wp\/v2\/posts"}],"about":[{"href":"https:\/\/orchidays.fr\/blog\/wp-json\/wp\/v2\/types\/post"}],"author":[{"embeddable":true,"href":"https:\/\/orchidays.fr\/blog\/wp-json\/wp\/v2\/users\/41"}],"replies":[{"embeddable":true,"href":"https:\/\/orchidays.fr\/blog\/wp-json\/wp\/v2\/comments?post=7527"}],"version-history":[{"count":2,"href":"https:\/\/orchidays.fr\/blog\/wp-json\/wp\/v2\/posts\/7527\/revisions"}],"predecessor-version":[{"id":7613,"href":"https:\/\/orchidays.fr\/blog\/wp-json\/wp\/v2\/posts\/7527\/revisions\/7613"}],"wp:featuredmedia":[{"embeddable":true,"href":"https:\/\/orchidays.fr\/blog\/wp-json\/wp\/v2\/media\/7529"}],"wp:attachment":[{"href":"https:\/\/orchidays.fr\/blog\/wp-json\/wp\/v2\/media?parent=7527"}],"wp:term":[{"taxonomy":"category","embeddable":true,"href":"https:\/\/orchidays.fr\/blog\/wp-json\/wp\/v2\/categories?post=7527"},{"taxonomy":"post_tag","embeddable":true,"href":"https:\/\/orchidays.fr\/blog\/wp-json\/wp\/v2\/tags?post=7527"}],"curies":[{"name":"wp","href":"https:\/\/api.w.org\/{rel}","templated":true}]}}