{"id":7483,"date":"2025-02-10T17:41:00","date_gmt":"2025-02-10T16:41:00","guid":{"rendered":"https:\/\/orchidays.fr\/blog\/?p=7483"},"modified":"2025-02-08T14:52:06","modified_gmt":"2025-02-08T13:52:06","slug":"pourquoi-mon-orchidee-perd-elle-ses-fleurs-comprendre-et-agir","status":"publish","type":"post","link":"https:\/\/orchidays.fr\/blog\/a-la-une\/pourquoi-mon-orchidee-perd-elle-ses-fleurs-comprendre-et-agir\/","title":{"rendered":"Pourquoi mon orchid\u00e9e perd-elle ses fleurs ? Comprendre et agir"},"content":{"rendered":"<h2>Introduction : des fleurs qui s\u2019\u00e9teignent<\/h2>\n<p>Cette situation peut \u00eatre d\u00e9concertante pour les amateurs de plantes, surtout lorsqu&rsquo;on a pris soin de son orchid\u00e9e avec attention. Comprendre les raisons de cette chute florale est essentiel pour la maintenir en bonne sant\u00e9. Cet article explorera les causes principales et vous proposera des solutions pratiques.<\/p>\n<h2>Causes de la chute des fleurs d&rsquo;orchid\u00e9e<\/h2>\n<p>Plusieurs facteurs peuvent contribuer \u00e0 la perte des fleurs de votre orchid\u00e9e. Il est crucial de les identifier pour agir efficacement. Voici quelques raisons fr\u00e9quentes :<\/p>\n<ul>\n<li><strong>Stress environnemental :<\/strong> Les variations brusques de temp\u00e9rature ou d&rsquo;humidit\u00e9 peuvent perturber votre plante.<\/li>\n<li><strong>Inad\u00e9quation des soins :<\/strong> Un arrosage excessif ou insuffisant affecte directement la sant\u00e9 de l&rsquo;orchid\u00e9e.<\/li>\n<li><strong>Probl\u00e8mes d&rsquo;\u00e9clairage :<\/strong> Un manque ou un exc\u00e8s de lumi\u00e8re peut \u00e9galement entra\u00eener la chute des fleurs.<\/li>\n<\/ul>\n<h2>Impact des soins inappropri\u00e9s<\/h2>\n<p>Un entretien inadapt\u00e9 a des cons\u00e9quences directes sur votre orchid\u00e9e. Par exemple, un arrosage excessif entra\u00eene un pourrissement des racines, ce qui compromet l&rsquo;absorption des nutriments. En revanche, un arrosage trop faible provoque un stress hydrique, affectant la floraison. Voici quelques exemples pour illustrer les impacts des soins :<img decoding=\"async\" width=\"1024\" height=\"576\" src=\"https:\/\/orchidays.fr\/blog\/wp-content\/uploads\/2025\/02\/stability-pourquoi-mon-orchidee-perd-elle-ses-fleurs-comprendre-et-agir-1.png\" class=\"aligncenter\" alt=\"Illustration d\u00e9taill\u00e9e sur Pourquoi mon orchid\u00e9e perd-elle ses fleurs ? Comprendre et agir\" title=\"Pourquoi mon orchid\u00e9e perd-elle ses fleurs ? Comprendre et agir\" loading=\"lazy\" \/><\/p>\n<blockquote class=\"wp-embedded-content\" data-secret=\"sFsMPq1wkZ\"><p><a href=\"https:\/\/orchidays.fr\/blog\/a-la-une\/tout-savoir-sur-lorchidee-frontignan-culture-et-caracteristiques\/\">Tout savoir sur l&rsquo;orchid\u00e9e Frontignan : culture et caract\u00e9ristiques<\/a><\/p><\/blockquote>\n<p><iframe loading=\"lazy\" class=\"wp-embedded-content\" sandbox=\"allow-scripts\" security=\"restricted\" style=\"position: absolute; visibility: hidden;\" title=\"\u00ab\u00a0Tout savoir sur l&rsquo;orchid\u00e9e Frontignan : culture et caract\u00e9ristiques\u00a0\u00bb &#8212; orchidays\" src=\"https:\/\/orchidays.fr\/blog\/a-la-une\/tout-savoir-sur-lorchidee-frontignan-culture-et-caracteristiques\/embed\/#?secret=LTjK47Xy43#?secret=sFsMPq1wkZ\" data-secret=\"sFsMPq1wkZ\" width=\"600\" height=\"338\" frameborder=\"0\" marginwidth=\"0\" marginheight=\"0\" scrolling=\"no\"><\/iframe><\/p>\n<table>\n<tr>\n<th>Type de soin<\/th>\n<th>Cons\u00e9quence<\/th>\n<th>Solution<\/th>\n<\/tr>\n<tr>\n<td>Arrosage excessif<\/td>\n<td>Pourriture des racines<\/td>\n<td>R\u00e9duire la fr\u00e9quence d&rsquo;arrosage<\/td>\n<\/tr>\n<tr>\n<td>Manque de lumi\u00e8re<\/td>\n<td>Chute pr\u00e9matur\u00e9e des fleurs<\/td>\n<td>D\u00e9placer la plante vers une source de lumi\u00e8re indirecte<\/td>\n<\/tr>\n<tr>\n<td>Temp\u00e9rature instable<\/td>\n<td>Stress pour la plante<\/td>\n<td>Maintenir une temp\u00e9rature constante entre 18 et 25\u00b0C<\/td>\n<\/tr>\n<\/table>\n<h2>Pr\u00e9venir la chute des fleurs : conseils pratiques<\/h2>\n<p>Pour \u00e9viter que votre orchid\u00e9e ne perde ses fleurs, appliquez ces conseils simples mais efficaces :<\/p>\n<ul>\n<li><strong>Surveillez l\u2019arrosage :<\/strong> Assurez-vous que le substrat reste l\u00e9g\u00e8rement humide.<\/li>\n<li><strong>Optimisez l\u2019\u00e9clairage :<\/strong> Placez votre orchid\u00e9e dans un endroit lumineux, mais \u00e9vitez le soleil direct.<\/li>\n<li><strong>Maintenez une temp\u00e9rature stable :<\/strong> \u00c9vitez les courants d&rsquo;air et les variations brusques de temp\u00e9rature.<\/li>\n<\/ul>\n<blockquote>\n<p>\u201cUn soin attentif et adapt\u00e9 peut prolonger la floraison de votre orchid\u00e9e.\u201d<\/p>\n<\/blockquote>\n<h2>FAQ :<\/h2>\n<blockquote>\n<ul>\n<li><strong>Pourquoi mon orchid\u00e9e perd-elle ses fleurs apr\u00e8s la floraison ?<\/strong>Il est normal que les orchid\u00e9es perdent leurs fleurs apr\u00e8s la p\u00e9riode de floraison, c&rsquo;est un processus naturel.<\/li>\n<li><strong>\u00c0 quelle fr\u00e9quence dois-je arroser mon orchid\u00e9e ?<\/strong>Arrosez votre orchid\u00e9e environ une fois par semaine, en veillant \u00e0 ce que l&rsquo;eau s&rsquo;\u00e9coule bien.<\/li>\n<li><strong>Mon orchid\u00e9e a-t-elle besoin de fertilisation ?<\/strong>Oui, fertilisez votre orchid\u00e9e toutes les 2 \u00e0 4 semaines pendant la p\u00e9riode de croissance.<\/li>\n<li><strong>Comment savoir si mon orchid\u00e9e a besoin de lumi\u00e8re ?<\/strong>Si les feuilles jaunissent, cela peut indiquer un exc\u00e8s ou un manque de lumi\u00e8re.<\/li>\n<\/ul>\n<\/blockquote>\n<h2>Conclusion : prendre soin de votre orchid\u00e9e<\/h2>\n<p>En comprenant les causes de la perte des fleurs de votre orchid\u00e9e, vous pouvez mieux l&rsquo;entretenir. Un soin ad\u00e9quat, une attention particuli\u00e8re \u00e0 l&rsquo;environnement et des ajustements dans les pratiques culturales peuvent faire toute la diff\u00e9rence. N\u2019oubliez pas que chaque orchid\u00e9e est unique et n\u00e9cessite des soins sp\u00e9cifiques. Profitez de la beaut\u00e9 de ces plantes et admirez leur floraison \u00e9clatante en prenant soin d&rsquo;elles avec amour.<\/p>\n","protected":false},"excerpt":{"rendered":"","protected":false},"author":34,"featured_media":7484,"comment_status":"open","ping_status":"open","sticky":false,"template":"","format":"standard","meta":{"_acf_changed":false,"manual_indexmenow":false,"indexmenow_id_project":0,"footnotes":""},"categories":[1],"tags":[3642,3737,3719,3956,4581,3720],"class_list":["post-7483","post","type-post","status-publish","format-standard","has-post-thumbnail","hentry","category-a-la-une","tag-arrosage","tag-fleurs","tag-lumiere","tag-orchidee","tag-soins","tag-temperature","generate-columns","tablet-grid-50","mobile-grid-100","grid-parent","grid-25"],"acf":[],"yoast_head":"<!-- This site is optimized with the Yoast SEO Premium plugin v21.3 (Yoast SEO v26.5) - https:\/\/yoast.com\/wordpress\/plugins\/seo\/ -->\n<title>Pourquoi mon orchid\u00e9e perd-elle ses fleurs ? Comprendre<\/title>\n<meta name=\"description\" content=\"Cette situation peut \u00eatre d\u00e9concertante pour les amateurs de plantes, surtout lorsqu&#039;on a pris soin de son orchid\u00e9e avec attention.\" \/>\n<meta name=\"robots\" content=\"index, follow, max-snippet:-1, max-image-preview:large, max-video-preview:-1\" \/>\n<link rel=\"canonical\" href=\"https:\/\/orchidays.fr\/blog\/a-la-une\/pourquoi-mon-orchidee-perd-elle-ses-fleurs-comprendre-et-agir\/\" \/>\n<meta property=\"og:locale\" content=\"fr_FR\" \/>\n<meta property=\"og:type\" content=\"article\" \/>\n<meta property=\"og:title\" content=\"Pourquoi mon orchid\u00e9e perd-elle ses fleurs ? Comprendre\" \/>\n<meta property=\"og:description\" content=\"Cette situation peut \u00eatre d\u00e9concertante pour les amateurs de plantes, surtout lorsqu&#039;on a pris soin de son orchid\u00e9e avec attention.\" \/>\n<meta property=\"og:url\" content=\"https:\/\/orchidays.fr\/blog\/a-la-une\/pourquoi-mon-orchidee-perd-elle-ses-fleurs-comprendre-et-agir\/\" \/>\n<meta property=\"og:site_name\" content=\"orchidays\" \/>\n<meta property=\"og:image\" content=\"https:\/\/orchidays.fr\/blog\/wp-content\/uploads\/2025\/02\/stability-pourquoi-mon-orchidee-perd-elle-ses-fleurs-comprendre-et-agir.png\" \/>\n\t<meta property=\"og:image:width\" content=\"1024\" \/>\n\t<meta property=\"og:image:height\" content=\"576\" \/>\n\t<meta property=\"og:image:type\" content=\"image\/png\" \/>\n<meta name=\"author\" content=\"Julien Prigent\" \/>\n<meta name=\"twitter:card\" content=\"summary_large_image\" \/>\n<script type=\"application\/ld+json\" class=\"yoast-schema-graph\">{\"@context\":\"https:\/\/schema.org\",\"@graph\":[{\"@type\":\"NewsArticle\",\"@id\":\"https:\/\/orchidays.fr\/blog\/a-la-une\/pourquoi-mon-orchidee-perd-elle-ses-fleurs-comprendre-et-agir\/#article\",\"isPartOf\":{\"@id\":\"https:\/\/orchidays.fr\/blog\/a-la-une\/pourquoi-mon-orchidee-perd-elle-ses-fleurs-comprendre-et-agir\/\"},\"author\":{\"name\":\"Julien Prigent\",\"@id\":\"https:\/\/orchidays.fr\/blog\/#\/schema\/person\/3c864cdc320801e3db34b663e7e3f816\"},\"headline\":\"Pourquoi mon orchid\u00e9e perd-elle ses fleurs ? Comprendre et agir\",\"datePublished\":\"2025-02-10T16:41:00+00:00\",\"mainEntityOfPage\":{\"@id\":\"https:\/\/orchidays.fr\/blog\/a-la-une\/pourquoi-mon-orchidee-perd-elle-ses-fleurs-comprendre-et-agir\/\"},\"wordCount\":544,\"commentCount\":18,\"publisher\":{\"@id\":\"https:\/\/orchidays.fr\/blog\/#organization\"},\"image\":{\"@id\":\"https:\/\/orchidays.fr\/blog\/a-la-une\/pourquoi-mon-orchidee-perd-elle-ses-fleurs-comprendre-et-agir\/#primaryimage\"},\"thumbnailUrl\":\"https:\/\/orchidays.fr\/blog\/wp-content\/uploads\/2025\/02\/stability-pourquoi-mon-orchidee-perd-elle-ses-fleurs-comprendre-et-agir.png\",\"keywords\":[\"Arrosage\",\"Fleurs\",\"Lumi\u00e8re\",\"Orchid\u00e9e\",\"Soins\",\"Temp\u00e9rature\"],\"articleSection\":[\"\u00c0 la une\"],\"inLanguage\":\"fr-FR\",\"potentialAction\":[{\"@type\":\"CommentAction\",\"name\":\"Comment\",\"target\":[\"https:\/\/orchidays.fr\/blog\/a-la-une\/pourquoi-mon-orchidee-perd-elle-ses-fleurs-comprendre-et-agir\/#respond\"]}]},{\"@type\":\"WebPage\",\"@id\":\"https:\/\/orchidays.fr\/blog\/a-la-une\/pourquoi-mon-orchidee-perd-elle-ses-fleurs-comprendre-et-agir\/\",\"url\":\"https:\/\/orchidays.fr\/blog\/a-la-une\/pourquoi-mon-orchidee-perd-elle-ses-fleurs-comprendre-et-agir\/\",\"name\":\"Pourquoi mon orchid\u00e9e perd-elle ses fleurs ? Comprendre\",\"isPartOf\":{\"@id\":\"https:\/\/orchidays.fr\/blog\/#website\"},\"primaryImageOfPage\":{\"@id\":\"https:\/\/orchidays.fr\/blog\/a-la-une\/pourquoi-mon-orchidee-perd-elle-ses-fleurs-comprendre-et-agir\/#primaryimage\"},\"image\":{\"@id\":\"https:\/\/orchidays.fr\/blog\/a-la-une\/pourquoi-mon-orchidee-perd-elle-ses-fleurs-comprendre-et-agir\/#primaryimage\"},\"thumbnailUrl\":\"https:\/\/orchidays.fr\/blog\/wp-content\/uploads\/2025\/02\/stability-pourquoi-mon-orchidee-perd-elle-ses-fleurs-comprendre-et-agir.png\",\"datePublished\":\"2025-02-10T16:41:00+00:00\",\"description\":\"Cette situation peut \u00eatre d\u00e9concertante pour les amateurs de plantes, surtout lorsqu'on a pris soin de son orchid\u00e9e avec attention.\",\"inLanguage\":\"fr-FR\",\"potentialAction\":[{\"@type\":\"ReadAction\",\"target\":[\"https:\/\/orchidays.fr\/blog\/a-la-une\/pourquoi-mon-orchidee-perd-elle-ses-fleurs-comprendre-et-agir\/\"]}]},{\"@type\":\"ImageObject\",\"inLanguage\":\"fr-FR\",\"@id\":\"https:\/\/orchidays.fr\/blog\/a-la-une\/pourquoi-mon-orchidee-perd-elle-ses-fleurs-comprendre-et-agir\/#primaryimage\",\"url\":\"https:\/\/orchidays.fr\/blog\/wp-content\/uploads\/2025\/02\/stability-pourquoi-mon-orchidee-perd-elle-ses-fleurs-comprendre-et-agir.png\",\"contentUrl\":\"https:\/\/orchidays.fr\/blog\/wp-content\/uploads\/2025\/02\/stability-pourquoi-mon-orchidee-perd-elle-ses-fleurs-comprendre-et-agir.png\",\"width\":1024,\"height\":576},{\"@type\":\"WebSite\",\"@id\":\"https:\/\/orchidays.fr\/blog\/#website\",\"url\":\"https:\/\/orchidays.fr\/blog\/\",\"name\":\"Orchidays\",\"description\":\"La beaut\u00e9 d\u00e9licate des orchid\u00e9es.\",\"publisher\":{\"@id\":\"https:\/\/orchidays.fr\/blog\/#organization\"},\"alternateName\":\"La beaut\u00e9 d\u00e9licate des orchid\u00e9es.\",\"potentialAction\":[{\"@type\":\"SearchAction\",\"target\":{\"@type\":\"EntryPoint\",\"urlTemplate\":\"https:\/\/orchidays.fr\/blog\/?s={search_term_string}\"},\"query-input\":{\"@type\":\"PropertyValueSpecification\",\"valueRequired\":true,\"valueName\":\"search_term_string\"}}],\"inLanguage\":\"fr-FR\"},{\"@type\":[\"Organization\",\"NewsMediaOrganization\"],\"@id\":\"https:\/\/orchidays.fr\/blog\/#organization\",\"name\":\"Orchidays\",\"alternateName\":\"Orchidays \u2014 Le m\u00e9dia des passionn\u00e9s d orchid\u00e9es\",\"url\":\"https:\/\/orchidays.fr\/blog\/\",\"logo\":{\"@type\":\"ImageObject\",\"inLanguage\":\"fr-FR\",\"@id\":\"https:\/\/orchidays.fr\/blog\/#\/schema\/logo\/image\/\",\"url\":\"https:\/\/orchidays.fr\/blog\/wp-content\/uploads\/2024\/12\/Orchidays.png\",\"contentUrl\":\"https:\/\/orchidays.fr\/blog\/wp-content\/uploads\/2024\/12\/Orchidays.png\",\"width\":500,\"height\":500,\"caption\":\"Orchidays\"},\"image\":{\"@id\":\"https:\/\/orchidays.fr\/blog\/#\/schema\/logo\/image\/\"},\"publishingPrinciples\":\"https:\/\/orchidays.fr\/blog\/charte-editoriale\/\",\"ethicsPolicy\":\"https:\/\/orchidays.fr\/blog\/charte-editoriale\/\",\"actionableFeedbackPolicy\":\"https:\/\/orchidays.fr\/blog\/contact\/\",\"foundingDate\":\"2025-01-01\"},{\"@type\":\"Person\",\"@id\":\"https:\/\/orchidays.fr\/blog\/#\/schema\/person\/3c864cdc320801e3db34b663e7e3f816\",\"name\":\"Julien Prigent\",\"image\":{\"@type\":\"ImageObject\",\"inLanguage\":\"fr-FR\",\"@id\":\"https:\/\/orchidays.fr\/blog\/#\/schema\/person\/image\/\",\"url\":\"https:\/\/orchidays.fr\/blog\/wp-content\/uploads\/2026\/06\/persona-julien-p-96x96.jpg\",\"contentUrl\":\"https:\/\/orchidays.fr\/blog\/wp-content\/uploads\/2026\/06\/persona-julien-p-96x96.jpg\",\"caption\":\"Julien Prigent\"},\"description\":\"Bricoleur et jardinier dans l'\u00e2me, j'\u00e9cris sur la maison et ses ext\u00e9rieurs avec les mains dans le cambouis plus que dans les th\u00e9ories. Mon terrain couvre tout l'habitat : le potager et le jardin au fil des saisons, mais aussi les petits travaux, la r\u00e9novation, le bricolage et les m\u00e9tiers du b\u00e2timent \u2014 toiture, isolation, menuiserie, serrurerie, ma\u00e7onnerie. J'aime expliquer un geste technique simplement, donner des fourchettes de prix r\u00e9alistes et les bons crit\u00e8res pour choisir un mat\u00e9riau ou un artisan. Je teste ce que je peux sur mes propres chantiers et au jardin avant d'en parler, je distingue la tradition de ce que confirme l'observation, et je pr\u00e9cise toujours le contexte \u2014 climat, type de sol, configuration du logement \u2014 parce qu'un m\u00eame conseil ne vaut pas partout. Mon but : rendre l'entretien et l'am\u00e9lioration de la maison accessibles, durables et \u00e9conomes.\",\"sameAs\":[\"https:\/\/julienprigent.fr\/\"],\"url\":\"https:\/\/orchidays.fr\/blog\/auteur\/julien-p\/\"}]}<\/script>\n<!-- \/ Yoast SEO Premium plugin. -->","yoast_head_json":{"title":"Pourquoi mon orchid\u00e9e perd-elle ses fleurs ? Comprendre","description":"Cette situation peut \u00eatre d\u00e9concertante pour les amateurs de plantes, surtout lorsqu'on a pris soin de son orchid\u00e9e avec attention.","robots":{"index":"index","follow":"follow","max-snippet":"max-snippet:-1","max-image-preview":"max-image-preview:large","max-video-preview":"max-video-preview:-1"},"canonical":"https:\/\/orchidays.fr\/blog\/a-la-une\/pourquoi-mon-orchidee-perd-elle-ses-fleurs-comprendre-et-agir\/","og_locale":"fr_FR","og_type":"article","og_title":"Pourquoi mon orchid\u00e9e perd-elle ses fleurs ? Comprendre","og_description":"Cette situation peut \u00eatre d\u00e9concertante pour les amateurs de plantes, surtout lorsqu'on a pris soin de son orchid\u00e9e avec attention.","og_url":"https:\/\/orchidays.fr\/blog\/a-la-une\/pourquoi-mon-orchidee-perd-elle-ses-fleurs-comprendre-et-agir\/","og_site_name":"orchidays","og_image":[{"width":1024,"height":576,"url":"https:\/\/orchidays.fr\/blog\/wp-content\/uploads\/2025\/02\/stability-pourquoi-mon-orchidee-perd-elle-ses-fleurs-comprendre-et-agir.png","type":"image\/png"}],"author":"Julien Prigent","twitter_card":"summary_large_image","schema":{"@context":"https:\/\/schema.org","@graph":[{"@type":"NewsArticle","@id":"https:\/\/orchidays.fr\/blog\/a-la-une\/pourquoi-mon-orchidee-perd-elle-ses-fleurs-comprendre-et-agir\/#article","isPartOf":{"@id":"https:\/\/orchidays.fr\/blog\/a-la-une\/pourquoi-mon-orchidee-perd-elle-ses-fleurs-comprendre-et-agir\/"},"author":{"name":"Julien Prigent","@id":"https:\/\/orchidays.fr\/blog\/#\/schema\/person\/3c864cdc320801e3db34b663e7e3f816"},"headline":"Pourquoi mon orchid\u00e9e perd-elle ses fleurs ? Comprendre et agir","datePublished":"2025-02-10T16:41:00+00:00","mainEntityOfPage":{"@id":"https:\/\/orchidays.fr\/blog\/a-la-une\/pourquoi-mon-orchidee-perd-elle-ses-fleurs-comprendre-et-agir\/"},"wordCount":544,"commentCount":18,"publisher":{"@id":"https:\/\/orchidays.fr\/blog\/#organization"},"image":{"@id":"https:\/\/orchidays.fr\/blog\/a-la-une\/pourquoi-mon-orchidee-perd-elle-ses-fleurs-comprendre-et-agir\/#primaryimage"},"thumbnailUrl":"https:\/\/orchidays.fr\/blog\/wp-content\/uploads\/2025\/02\/stability-pourquoi-mon-orchidee-perd-elle-ses-fleurs-comprendre-et-agir.png","keywords":["Arrosage","Fleurs","Lumi\u00e8re","Orchid\u00e9e","Soins","Temp\u00e9rature"],"articleSection":["\u00c0 la une"],"inLanguage":"fr-FR","potentialAction":[{"@type":"CommentAction","name":"Comment","target":["https:\/\/orchidays.fr\/blog\/a-la-une\/pourquoi-mon-orchidee-perd-elle-ses-fleurs-comprendre-et-agir\/#respond"]}]},{"@type":"WebPage","@id":"https:\/\/orchidays.fr\/blog\/a-la-une\/pourquoi-mon-orchidee-perd-elle-ses-fleurs-comprendre-et-agir\/","url":"https:\/\/orchidays.fr\/blog\/a-la-une\/pourquoi-mon-orchidee-perd-elle-ses-fleurs-comprendre-et-agir\/","name":"Pourquoi mon orchid\u00e9e perd-elle ses fleurs ? Comprendre","isPartOf":{"@id":"https:\/\/orchidays.fr\/blog\/#website"},"primaryImageOfPage":{"@id":"https:\/\/orchidays.fr\/blog\/a-la-une\/pourquoi-mon-orchidee-perd-elle-ses-fleurs-comprendre-et-agir\/#primaryimage"},"image":{"@id":"https:\/\/orchidays.fr\/blog\/a-la-une\/pourquoi-mon-orchidee-perd-elle-ses-fleurs-comprendre-et-agir\/#primaryimage"},"thumbnailUrl":"https:\/\/orchidays.fr\/blog\/wp-content\/uploads\/2025\/02\/stability-pourquoi-mon-orchidee-perd-elle-ses-fleurs-comprendre-et-agir.png","datePublished":"2025-02-10T16:41:00+00:00","description":"Cette situation peut \u00eatre d\u00e9concertante pour les amateurs de plantes, surtout lorsqu'on a pris soin de son orchid\u00e9e avec attention.","inLanguage":"fr-FR","potentialAction":[{"@type":"ReadAction","target":["https:\/\/orchidays.fr\/blog\/a-la-une\/pourquoi-mon-orchidee-perd-elle-ses-fleurs-comprendre-et-agir\/"]}]},{"@type":"ImageObject","inLanguage":"fr-FR","@id":"https:\/\/orchidays.fr\/blog\/a-la-une\/pourquoi-mon-orchidee-perd-elle-ses-fleurs-comprendre-et-agir\/#primaryimage","url":"https:\/\/orchidays.fr\/blog\/wp-content\/uploads\/2025\/02\/stability-pourquoi-mon-orchidee-perd-elle-ses-fleurs-comprendre-et-agir.png","contentUrl":"https:\/\/orchidays.fr\/blog\/wp-content\/uploads\/2025\/02\/stability-pourquoi-mon-orchidee-perd-elle-ses-fleurs-comprendre-et-agir.png","width":1024,"height":576},{"@type":"WebSite","@id":"https:\/\/orchidays.fr\/blog\/#website","url":"https:\/\/orchidays.fr\/blog\/","name":"Orchidays","description":"La beaut\u00e9 d\u00e9licate des orchid\u00e9es.","publisher":{"@id":"https:\/\/orchidays.fr\/blog\/#organization"},"alternateName":"La beaut\u00e9 d\u00e9licate des orchid\u00e9es.","potentialAction":[{"@type":"SearchAction","target":{"@type":"EntryPoint","urlTemplate":"https:\/\/orchidays.fr\/blog\/?s={search_term_string}"},"query-input":{"@type":"PropertyValueSpecification","valueRequired":true,"valueName":"search_term_string"}}],"inLanguage":"fr-FR"},{"@type":["Organization","NewsMediaOrganization"],"@id":"https:\/\/orchidays.fr\/blog\/#organization","name":"Orchidays","alternateName":"Orchidays \u2014 Le m\u00e9dia des passionn\u00e9s d orchid\u00e9es","url":"https:\/\/orchidays.fr\/blog\/","logo":{"@type":"ImageObject","inLanguage":"fr-FR","@id":"https:\/\/orchidays.fr\/blog\/#\/schema\/logo\/image\/","url":"https:\/\/orchidays.fr\/blog\/wp-content\/uploads\/2024\/12\/Orchidays.png","contentUrl":"https:\/\/orchidays.fr\/blog\/wp-content\/uploads\/2024\/12\/Orchidays.png","width":500,"height":500,"caption":"Orchidays"},"image":{"@id":"https:\/\/orchidays.fr\/blog\/#\/schema\/logo\/image\/"},"publishingPrinciples":"https:\/\/orchidays.fr\/blog\/charte-editoriale\/","ethicsPolicy":"https:\/\/orchidays.fr\/blog\/charte-editoriale\/","actionableFeedbackPolicy":"https:\/\/orchidays.fr\/blog\/contact\/","foundingDate":"2025-01-01"},{"@type":"Person","@id":"https:\/\/orchidays.fr\/blog\/#\/schema\/person\/3c864cdc320801e3db34b663e7e3f816","name":"Julien Prigent","image":{"@type":"ImageObject","inLanguage":"fr-FR","@id":"https:\/\/orchidays.fr\/blog\/#\/schema\/person\/image\/","url":"https:\/\/orchidays.fr\/blog\/wp-content\/uploads\/2026\/06\/persona-julien-p-96x96.jpg","contentUrl":"https:\/\/orchidays.fr\/blog\/wp-content\/uploads\/2026\/06\/persona-julien-p-96x96.jpg","caption":"Julien Prigent"},"description":"Bricoleur et jardinier dans l'\u00e2me, j'\u00e9cris sur la maison et ses ext\u00e9rieurs avec les mains dans le cambouis plus que dans les th\u00e9ories. Mon terrain couvre tout l'habitat : le potager et le jardin au fil des saisons, mais aussi les petits travaux, la r\u00e9novation, le bricolage et les m\u00e9tiers du b\u00e2timent \u2014 toiture, isolation, menuiserie, serrurerie, ma\u00e7onnerie. J'aime expliquer un geste technique simplement, donner des fourchettes de prix r\u00e9alistes et les bons crit\u00e8res pour choisir un mat\u00e9riau ou un artisan. Je teste ce que je peux sur mes propres chantiers et au jardin avant d'en parler, je distingue la tradition de ce que confirme l'observation, et je pr\u00e9cise toujours le contexte \u2014 climat, type de sol, configuration du logement \u2014 parce qu'un m\u00eame conseil ne vaut pas partout. Mon but : rendre l'entretien et l'am\u00e9lioration de la maison accessibles, durables et \u00e9conomes.","sameAs":["https:\/\/julienprigent.fr\/"],"url":"https:\/\/orchidays.fr\/blog\/auteur\/julien-p\/"}]}},"_links":{"self":[{"href":"https:\/\/orchidays.fr\/blog\/wp-json\/wp\/v2\/posts\/7483","targetHints":{"allow":["GET"]}}],"collection":[{"href":"https:\/\/orchidays.fr\/blog\/wp-json\/wp\/v2\/posts"}],"about":[{"href":"https:\/\/orchidays.fr\/blog\/wp-json\/wp\/v2\/types\/post"}],"author":[{"embeddable":true,"href":"https:\/\/orchidays.fr\/blog\/wp-json\/wp\/v2\/users\/34"}],"replies":[{"embeddable":true,"href":"https:\/\/orchidays.fr\/blog\/wp-json\/wp\/v2\/comments?post=7483"}],"version-history":[{"count":2,"href":"https:\/\/orchidays.fr\/blog\/wp-json\/wp\/v2\/posts\/7483\/revisions"}],"predecessor-version":[{"id":7635,"href":"https:\/\/orchidays.fr\/blog\/wp-json\/wp\/v2\/posts\/7483\/revisions\/7635"}],"wp:featuredmedia":[{"embeddable":true,"href":"https:\/\/orchidays.fr\/blog\/wp-json\/wp\/v2\/media\/7484"}],"wp:attachment":[{"href":"https:\/\/orchidays.fr\/blog\/wp-json\/wp\/v2\/media?parent=7483"}],"wp:term":[{"taxonomy":"category","embeddable":true,"href":"https:\/\/orchidays.fr\/blog\/wp-json\/wp\/v2\/categories?post=7483"},{"taxonomy":"post_tag","embeddable":true,"href":"https:\/\/orchidays.fr\/blog\/wp-json\/wp\/v2\/tags?post=7483"}],"curies":[{"name":"wp","href":"https:\/\/api.w.org\/{rel}","templated":true}]}}