{"id":7455,"date":"2025-02-09T15:41:00","date_gmt":"2025-02-09T14:41:00","guid":{"rendered":"https:\/\/orchidays.fr\/blog\/?p=7455"},"modified":"2025-02-08T14:49:33","modified_gmt":"2025-02-08T13:49:33","slug":"decouvrez-lorchidee-dasie-a-belley-beaute-et-culture","status":"publish","type":"post","link":"https:\/\/orchidays.fr\/blog\/a-la-une\/decouvrez-lorchidee-dasie-a-belley-beaute-et-culture\/","title":{"rendered":"D\u00e9couvrez l&rsquo;Orchid\u00e9e d&rsquo;Asie \u00e0 Belley : Beaut\u00e9 et Culture"},"content":{"rendered":"<h2>Introduction \u00e0 l&rsquo;orchid\u00e9e d&rsquo;Asie<\/h2>\n<p>Dans la r\u00e9gion de Belley, l&rsquo;orchid\u00e9e d&rsquo;Asie attire l&rsquo;attention des passionn\u00e9s de botanique et des amateurs de fleurs. Pourquoi cette esp\u00e8ce particuli\u00e8re suscite-t-elle tant d&rsquo;int\u00e9r\u00eat ? Qu&rsquo;est-ce qui la rend unique dans le monde des orchid\u00e9es ? Cet article explore les caract\u00e9ristiques, l&rsquo;importance culturelle et les meilleures pratiques pour les cultiver.<\/p>\n<h2>Caract\u00e9ristiques de l&rsquo;orchid\u00e9e d&rsquo;Asie<\/h2>\n<p>L&rsquo;orchid\u00e9e d&rsquo;Asie se distingue par ses couleurs vives et son parfum envo\u00fbtant. En voici quelques traits remarquables :<\/p>\n<ul>\n<li><strong>Vari\u00e9t\u00e9 de couleurs :<\/strong> Les orchid\u00e9es asiatiques pr\u00e9sentent une palette allant du blanc pur au violet profond, en passant par des teintes de rouge et d&rsquo;orange.<\/li>\n<li><strong>Adaptabilit\u00e9 :<\/strong> Elles s&rsquo;\u00e9panouissent dans divers environnements, des for\u00eats tropicales humides aux zones montagneuses s\u00e8ches.<\/li>\n<li><strong>Symbolisme :<\/strong> Dans de nombreuses cultures asiatiques, l&rsquo;orchid\u00e9e repr\u00e9sente l&rsquo;amour, la beaut\u00e9 et le raffinement.<\/li>\n<\/ul>\n<p>Ces caract\u00e9ristiques font de l&rsquo;orchid\u00e9e d&rsquo;Asie un choix privil\u00e9gi\u00e9 pour les jardins et les arrangements floraux.<\/p>\n<h2>Cultiver l&rsquo;orchid\u00e9e d&rsquo;Asie \u00e0 Belley<\/h2>\n<p>Pour r\u00e9ussir la culture de l&rsquo;orchid\u00e9e d&rsquo;Asie, il est essentiel de respecter certaines conditions. Voici un guide pratique :<img decoding=\"async\" width=\"1024\" height=\"576\" src=\"https:\/\/orchidays.fr\/blog\/wp-content\/uploads\/2025\/02\/stability-decouvrez-lorchidee-dasie-a-belley-beaute-et-culture-1.png\" class=\"aligncenter\" alt=\"Illustration d\u00e9taill\u00e9e sur D\u00e9couvrez l&#039;Orchid\u00e9e d&#039;Asie \u00e0 Belley : Beaut\u00e9 et Culture\" title=\"D\u00e9couvrez l&#039;Orchid\u00e9e d&#039;Asie \u00e0 Belley : Beaut\u00e9 et Culture\" loading=\"lazy\" \/><\/p>\n<blockquote>\n<p><strong>\u201cLa patience et l&rsquo;attention aux d\u00e9tails sont les cl\u00e9s du succ\u00e8s dans la culture des orchid\u00e9es.\u201d<\/strong><\/p>\n<blockquote class=\"wp-embedded-content\" data-secret=\"xdYhyx6JgI\"><p><a href=\"https:\/\/orchidays.fr\/blog\/a-la-une\/tout-savoir-sur-lorchidee-frontignan-culture-et-caracteristiques\/\">Tout savoir sur l&rsquo;orchid\u00e9e Frontignan : culture et caract\u00e9ristiques<\/a><\/p><\/blockquote>\n<p><iframe loading=\"lazy\" class=\"wp-embedded-content\" sandbox=\"allow-scripts\" security=\"restricted\" style=\"position: absolute; visibility: hidden;\" title=\"\u00ab\u00a0Tout savoir sur l&rsquo;orchid\u00e9e Frontignan : culture et caract\u00e9ristiques\u00a0\u00bb &#8212; orchidays\" src=\"https:\/\/orchidays.fr\/blog\/a-la-une\/tout-savoir-sur-lorchidee-frontignan-culture-et-caracteristiques\/embed\/#?secret=hu7NUXLkPI#?secret=xdYhyx6JgI\" data-secret=\"xdYhyx6JgI\" width=\"600\" height=\"338\" frameborder=\"0\" marginwidth=\"0\" marginheight=\"0\" scrolling=\"no\"><\/iframe><\/p>\n<\/blockquote>\n<h3>\u00c9tapes de culture<\/h3>\n<li><strong>S\u00e9lection de l&#8217;emplacement :<\/strong> Choisissez un endroit lumineux mais sans soleil direct.<\/li>\n<li><strong>Pr\u00e9paration du sol :<\/strong> Utilisez un terreau sp\u00e9cifique pour orchid\u00e9es, riche en a\u00e9ration.<\/li>\n<li><strong>Arrosage ad\u00e9quat :<\/strong> Arrosez mod\u00e9r\u00e9ment, en laissant le sol s\u00e9cher entre les arrosages.<\/li>\n<li><strong>Fertilisation :<\/strong> Appliquez un engrais \u00e9quilibr\u00e9 tous les mois pendant la saison de croissance.<\/li>\n<p>Suivre ces \u00e9tapes permet de cr\u00e9er un environnement favorable \u00e0 l&rsquo;\u00e9panouissement de vos orchid\u00e9es.<\/p>\n<h2>Importance culturelle de l&rsquo;orchid\u00e9e d&rsquo;Asie<\/h2>\n<p>Dans plusieurs pays asiatiques, l&rsquo;orchid\u00e9e est bien plus qu&rsquo;une simple fleur. Elle joue un r\u00f4le central dans les c\u00e9r\u00e9monies et les traditions. Par exemple, en Chine, l&rsquo;orchid\u00e9e symbolise l&rsquo;\u00e9l\u00e9gance et est souvent utilis\u00e9e dans les arrangements floraux pour des occasions sp\u00e9ciales.<\/p>\n<p>De plus, des festivals des orchid\u00e9es se tiennent r\u00e9guli\u00e8rement dans diverses r\u00e9gions, c\u00e9l\u00e9brant la richesse et la beaut\u00e9 de ces fleurs. Ces \u00e9v\u00e9nements attirent des visiteurs du monde entier, renfor\u00e7ant ainsi le tourisme et la culture locale.<\/p>\n<h2>Tableau r\u00e9capitulatif des esp\u00e8ces d&rsquo;orchid\u00e9es asiatiques populaires<\/h2>\n<table>\n<tr>\n<th>Esp\u00e8ce<\/th>\n<th>Couleur<\/th>\n<th>Zone de culture<\/th>\n<\/tr>\n<tr>\n<td>Orchid\u00e9e Vanda<\/td>\n<td>Bleu, Violet<\/td>\n<td>Tropicale<\/td>\n<\/tr>\n<tr>\n<td>Orchid\u00e9e Phalaenopsis<\/td>\n<td>Blanc, Rose<\/td>\n<td>Temp\u00e9r\u00e9e<\/td>\n<\/tr>\n<tr>\n<td>Orchid\u00e9e Dendrobium<\/td>\n<td>Jaune, Violet<\/td>\n<td>Tropicale<\/td>\n<\/tr>\n<\/table>\n<h3>FAQ :<\/h3>\n<blockquote>\n<ul>\n<li><strong>Quelle est la meilleure p\u00e9riode pour planter des orchid\u00e9es ?<\/strong>Le printemps est id\u00e9al pour la plantation, lorsque les temp\u00e9ratures commencent \u00e0 se r\u00e9chauffer.<\/li>\n<li><strong>Comment savoir si mon orchid\u00e9e a besoin d&rsquo;eau ?<\/strong>V\u00e9rifiez si le terreau est sec au toucher. Si c&rsquo;est le cas, il est temps d&rsquo;arroser.<\/li>\n<li><strong>Les orchid\u00e9es ont-elles besoin de lumi\u00e8re directe ?<\/strong>Non, elles pr\u00e9f\u00e8rent une lumi\u00e8re indirecte pour \u00e9viter les br\u00fblures des feuilles.<\/li>\n<li><strong>Peut-on cultiver des orchid\u00e9es en int\u00e9rieur ?<\/strong>Oui, tant que vous leur fournissez un environnement lumineux et humide.<\/li>\n<\/ul>\n<\/blockquote>\n<h2>Conclusion<\/h2>\n<p>L&rsquo;orchid\u00e9e d&rsquo;Asie \u00e0 Belley repr\u00e9sente un v\u00e9ritable tr\u00e9sor botanique. Sa beaut\u00e9, son adaptabilit\u00e9 et son importance culturelle en font une plante fascinante \u00e0 cultiver. Que ce soit pour embellir votre jardin ou pour ajouter une touche de raffinement \u00e0 votre int\u00e9rieur, l&rsquo;orchid\u00e9e d&rsquo;Asie saura vous s\u00e9duire. N&rsquo;attendez plus pour d\u00e9couvrir cette merveille de la nature !<\/p>\n","protected":false},"excerpt":{"rendered":"","protected":false},"author":34,"featured_media":7456,"comment_status":"open","ping_status":"open","sticky":false,"template":"","format":"standard","meta":{"_acf_changed":false,"manual_indexmenow":false,"indexmenow_id_project":0,"footnotes":""},"categories":[1],"tags":[4597,4582,4580,3661,4221,3956],"class_list":["post-7455","post","type-post","status-publish","format-standard","has-post-thumbnail","hentry","category-a-la-une","tag-asie","tag-beaute","tag-caracteristiques","tag-cultiver","tag-culture","tag-orchidee","generate-columns","tablet-grid-50","mobile-grid-100","grid-parent","grid-25"],"acf":[],"yoast_head":"<!-- This site is optimized with the Yoast SEO Premium plugin v21.3 (Yoast SEO v26.5) - https:\/\/yoast.com\/wordpress\/plugins\/seo\/ -->\n<title>D\u00e9couvrez l&#039;Orchid\u00e9e d&#039;Asie \u00e0 Belley : Beaut\u00e9 et Culture<\/title>\n<meta name=\"description\" content=\"Dans la r\u00e9gion de Belley, l&#039;orchid\u00e9e d&#039;Asie attire l&#039;attention des passionn\u00e9s de botanique et des amateurs de fleurs.\" \/>\n<meta name=\"robots\" content=\"index, follow, max-snippet:-1, max-image-preview:large, max-video-preview:-1\" \/>\n<link rel=\"canonical\" href=\"https:\/\/orchidays.fr\/blog\/a-la-une\/decouvrez-lorchidee-dasie-a-belley-beaute-et-culture\/\" \/>\n<meta property=\"og:locale\" content=\"fr_FR\" \/>\n<meta property=\"og:type\" content=\"article\" \/>\n<meta property=\"og:title\" content=\"D\u00e9couvrez l&#039;Orchid\u00e9e d&#039;Asie \u00e0 Belley : Beaut\u00e9 et Culture\" \/>\n<meta property=\"og:description\" content=\"Dans la r\u00e9gion de Belley, l&#039;orchid\u00e9e d&#039;Asie attire l&#039;attention des passionn\u00e9s de botanique et des amateurs de fleurs.\" \/>\n<meta property=\"og:url\" content=\"https:\/\/orchidays.fr\/blog\/a-la-une\/decouvrez-lorchidee-dasie-a-belley-beaute-et-culture\/\" \/>\n<meta property=\"og:site_name\" content=\"orchidays\" \/>\n<meta property=\"og:image\" content=\"https:\/\/orchidays.fr\/blog\/wp-content\/uploads\/2025\/02\/stability-decouvrez-lorchidee-dasie-a-belley-beaute-et-culture.png\" \/>\n\t<meta property=\"og:image:width\" content=\"1024\" \/>\n\t<meta property=\"og:image:height\" content=\"576\" \/>\n\t<meta property=\"og:image:type\" content=\"image\/png\" \/>\n<meta name=\"author\" content=\"Julien Prigent\" \/>\n<meta name=\"twitter:card\" content=\"summary_large_image\" \/>\n<script type=\"application\/ld+json\" class=\"yoast-schema-graph\">{\"@context\":\"https:\/\/schema.org\",\"@graph\":[{\"@type\":\"NewsArticle\",\"@id\":\"https:\/\/orchidays.fr\/blog\/a-la-une\/decouvrez-lorchidee-dasie-a-belley-beaute-et-culture\/#article\",\"isPartOf\":{\"@id\":\"https:\/\/orchidays.fr\/blog\/a-la-une\/decouvrez-lorchidee-dasie-a-belley-beaute-et-culture\/\"},\"author\":{\"name\":\"Julien Prigent\",\"@id\":\"https:\/\/orchidays.fr\/blog\/#\/schema\/person\/3c864cdc320801e3db34b663e7e3f816\"},\"headline\":\"D\u00e9couvrez l&rsquo;Orchid\u00e9e d&rsquo;Asie \u00e0 Belley : Beaut\u00e9 et Culture\",\"datePublished\":\"2025-02-09T14:41:00+00:00\",\"mainEntityOfPage\":{\"@id\":\"https:\/\/orchidays.fr\/blog\/a-la-une\/decouvrez-lorchidee-dasie-a-belley-beaute-et-culture\/\"},\"wordCount\":638,\"commentCount\":26,\"publisher\":{\"@id\":\"https:\/\/orchidays.fr\/blog\/#organization\"},\"image\":{\"@id\":\"https:\/\/orchidays.fr\/blog\/a-la-une\/decouvrez-lorchidee-dasie-a-belley-beaute-et-culture\/#primaryimage\"},\"thumbnailUrl\":\"https:\/\/orchidays.fr\/blog\/wp-content\/uploads\/2025\/02\/stability-decouvrez-lorchidee-dasie-a-belley-beaute-et-culture.png\",\"keywords\":[\"Asie\",\"Beaut\u00e9\",\"Caract\u00e9ristiques\",\"Cultiver\",\"Culture\",\"Orchid\u00e9e\"],\"articleSection\":[\"\u00c0 la une\"],\"inLanguage\":\"fr-FR\",\"potentialAction\":[{\"@type\":\"CommentAction\",\"name\":\"Comment\",\"target\":[\"https:\/\/orchidays.fr\/blog\/a-la-une\/decouvrez-lorchidee-dasie-a-belley-beaute-et-culture\/#respond\"]}]},{\"@type\":\"WebPage\",\"@id\":\"https:\/\/orchidays.fr\/blog\/a-la-une\/decouvrez-lorchidee-dasie-a-belley-beaute-et-culture\/\",\"url\":\"https:\/\/orchidays.fr\/blog\/a-la-une\/decouvrez-lorchidee-dasie-a-belley-beaute-et-culture\/\",\"name\":\"D\u00e9couvrez l'Orchid\u00e9e d'Asie \u00e0 Belley : Beaut\u00e9 et Culture\",\"isPartOf\":{\"@id\":\"https:\/\/orchidays.fr\/blog\/#website\"},\"primaryImageOfPage\":{\"@id\":\"https:\/\/orchidays.fr\/blog\/a-la-une\/decouvrez-lorchidee-dasie-a-belley-beaute-et-culture\/#primaryimage\"},\"image\":{\"@id\":\"https:\/\/orchidays.fr\/blog\/a-la-une\/decouvrez-lorchidee-dasie-a-belley-beaute-et-culture\/#primaryimage\"},\"thumbnailUrl\":\"https:\/\/orchidays.fr\/blog\/wp-content\/uploads\/2025\/02\/stability-decouvrez-lorchidee-dasie-a-belley-beaute-et-culture.png\",\"datePublished\":\"2025-02-09T14:41:00+00:00\",\"description\":\"Dans la r\u00e9gion de Belley, l'orchid\u00e9e d'Asie attire l'attention des passionn\u00e9s de botanique et des amateurs de fleurs.\",\"inLanguage\":\"fr-FR\",\"potentialAction\":[{\"@type\":\"ReadAction\",\"target\":[\"https:\/\/orchidays.fr\/blog\/a-la-une\/decouvrez-lorchidee-dasie-a-belley-beaute-et-culture\/\"]}]},{\"@type\":\"ImageObject\",\"inLanguage\":\"fr-FR\",\"@id\":\"https:\/\/orchidays.fr\/blog\/a-la-une\/decouvrez-lorchidee-dasie-a-belley-beaute-et-culture\/#primaryimage\",\"url\":\"https:\/\/orchidays.fr\/blog\/wp-content\/uploads\/2025\/02\/stability-decouvrez-lorchidee-dasie-a-belley-beaute-et-culture.png\",\"contentUrl\":\"https:\/\/orchidays.fr\/blog\/wp-content\/uploads\/2025\/02\/stability-decouvrez-lorchidee-dasie-a-belley-beaute-et-culture.png\",\"width\":1024,\"height\":576},{\"@type\":\"WebSite\",\"@id\":\"https:\/\/orchidays.fr\/blog\/#website\",\"url\":\"https:\/\/orchidays.fr\/blog\/\",\"name\":\"Orchidays\",\"description\":\"La beaut\u00e9 d\u00e9licate des orchid\u00e9es.\",\"publisher\":{\"@id\":\"https:\/\/orchidays.fr\/blog\/#organization\"},\"alternateName\":\"La beaut\u00e9 d\u00e9licate des orchid\u00e9es.\",\"potentialAction\":[{\"@type\":\"SearchAction\",\"target\":{\"@type\":\"EntryPoint\",\"urlTemplate\":\"https:\/\/orchidays.fr\/blog\/?s={search_term_string}\"},\"query-input\":{\"@type\":\"PropertyValueSpecification\",\"valueRequired\":true,\"valueName\":\"search_term_string\"}}],\"inLanguage\":\"fr-FR\"},{\"@type\":[\"Organization\",\"NewsMediaOrganization\"],\"@id\":\"https:\/\/orchidays.fr\/blog\/#organization\",\"name\":\"Orchidays\",\"alternateName\":\"Orchidays \u2014 Le m\u00e9dia des passionn\u00e9s d orchid\u00e9es\",\"url\":\"https:\/\/orchidays.fr\/blog\/\",\"logo\":{\"@type\":\"ImageObject\",\"inLanguage\":\"fr-FR\",\"@id\":\"https:\/\/orchidays.fr\/blog\/#\/schema\/logo\/image\/\",\"url\":\"https:\/\/orchidays.fr\/blog\/wp-content\/uploads\/2024\/12\/Orchidays.png\",\"contentUrl\":\"https:\/\/orchidays.fr\/blog\/wp-content\/uploads\/2024\/12\/Orchidays.png\",\"width\":500,\"height\":500,\"caption\":\"Orchidays\"},\"image\":{\"@id\":\"https:\/\/orchidays.fr\/blog\/#\/schema\/logo\/image\/\"},\"publishingPrinciples\":\"https:\/\/orchidays.fr\/blog\/charte-editoriale\/\",\"ethicsPolicy\":\"https:\/\/orchidays.fr\/blog\/charte-editoriale\/\",\"actionableFeedbackPolicy\":\"https:\/\/orchidays.fr\/blog\/contact\/\",\"foundingDate\":\"2025-01-01\"},{\"@type\":\"Person\",\"@id\":\"https:\/\/orchidays.fr\/blog\/#\/schema\/person\/3c864cdc320801e3db34b663e7e3f816\",\"name\":\"Julien Prigent\",\"image\":{\"@type\":\"ImageObject\",\"inLanguage\":\"fr-FR\",\"@id\":\"https:\/\/orchidays.fr\/blog\/#\/schema\/person\/image\/\",\"url\":\"https:\/\/orchidays.fr\/blog\/wp-content\/uploads\/2026\/06\/persona-julien-p-96x96.jpg\",\"contentUrl\":\"https:\/\/orchidays.fr\/blog\/wp-content\/uploads\/2026\/06\/persona-julien-p-96x96.jpg\",\"caption\":\"Julien Prigent\"},\"description\":\"Bricoleur et jardinier dans l'\u00e2me, j'\u00e9cris sur la maison et ses ext\u00e9rieurs avec les mains dans le cambouis plus que dans les th\u00e9ories. Mon terrain couvre tout l'habitat : le potager et le jardin au fil des saisons, mais aussi les petits travaux, la r\u00e9novation, le bricolage et les m\u00e9tiers du b\u00e2timent \u2014 toiture, isolation, menuiserie, serrurerie, ma\u00e7onnerie. J'aime expliquer un geste technique simplement, donner des fourchettes de prix r\u00e9alistes et les bons crit\u00e8res pour choisir un mat\u00e9riau ou un artisan. Je teste ce que je peux sur mes propres chantiers et au jardin avant d'en parler, je distingue la tradition de ce que confirme l'observation, et je pr\u00e9cise toujours le contexte \u2014 climat, type de sol, configuration du logement \u2014 parce qu'un m\u00eame conseil ne vaut pas partout. Mon but : rendre l'entretien et l'am\u00e9lioration de la maison accessibles, durables et \u00e9conomes.\",\"sameAs\":[\"https:\/\/julienprigent.fr\/\"],\"url\":\"https:\/\/orchidays.fr\/blog\/auteur\/julien-p\/\"}]}<\/script>\n<!-- \/ Yoast SEO Premium plugin. -->","yoast_head_json":{"title":"D\u00e9couvrez l'Orchid\u00e9e d'Asie \u00e0 Belley : Beaut\u00e9 et Culture","description":"Dans la r\u00e9gion de Belley, l'orchid\u00e9e d'Asie attire l'attention des passionn\u00e9s de botanique et des amateurs de fleurs.","robots":{"index":"index","follow":"follow","max-snippet":"max-snippet:-1","max-image-preview":"max-image-preview:large","max-video-preview":"max-video-preview:-1"},"canonical":"https:\/\/orchidays.fr\/blog\/a-la-une\/decouvrez-lorchidee-dasie-a-belley-beaute-et-culture\/","og_locale":"fr_FR","og_type":"article","og_title":"D\u00e9couvrez l'Orchid\u00e9e d'Asie \u00e0 Belley : Beaut\u00e9 et Culture","og_description":"Dans la r\u00e9gion de Belley, l'orchid\u00e9e d'Asie attire l'attention des passionn\u00e9s de botanique et des amateurs de fleurs.","og_url":"https:\/\/orchidays.fr\/blog\/a-la-une\/decouvrez-lorchidee-dasie-a-belley-beaute-et-culture\/","og_site_name":"orchidays","og_image":[{"width":1024,"height":576,"url":"https:\/\/orchidays.fr\/blog\/wp-content\/uploads\/2025\/02\/stability-decouvrez-lorchidee-dasie-a-belley-beaute-et-culture.png","type":"image\/png"}],"author":"Julien Prigent","twitter_card":"summary_large_image","schema":{"@context":"https:\/\/schema.org","@graph":[{"@type":"NewsArticle","@id":"https:\/\/orchidays.fr\/blog\/a-la-une\/decouvrez-lorchidee-dasie-a-belley-beaute-et-culture\/#article","isPartOf":{"@id":"https:\/\/orchidays.fr\/blog\/a-la-une\/decouvrez-lorchidee-dasie-a-belley-beaute-et-culture\/"},"author":{"name":"Julien Prigent","@id":"https:\/\/orchidays.fr\/blog\/#\/schema\/person\/3c864cdc320801e3db34b663e7e3f816"},"headline":"D\u00e9couvrez l&rsquo;Orchid\u00e9e d&rsquo;Asie \u00e0 Belley : Beaut\u00e9 et Culture","datePublished":"2025-02-09T14:41:00+00:00","mainEntityOfPage":{"@id":"https:\/\/orchidays.fr\/blog\/a-la-une\/decouvrez-lorchidee-dasie-a-belley-beaute-et-culture\/"},"wordCount":638,"commentCount":26,"publisher":{"@id":"https:\/\/orchidays.fr\/blog\/#organization"},"image":{"@id":"https:\/\/orchidays.fr\/blog\/a-la-une\/decouvrez-lorchidee-dasie-a-belley-beaute-et-culture\/#primaryimage"},"thumbnailUrl":"https:\/\/orchidays.fr\/blog\/wp-content\/uploads\/2025\/02\/stability-decouvrez-lorchidee-dasie-a-belley-beaute-et-culture.png","keywords":["Asie","Beaut\u00e9","Caract\u00e9ristiques","Cultiver","Culture","Orchid\u00e9e"],"articleSection":["\u00c0 la une"],"inLanguage":"fr-FR","potentialAction":[{"@type":"CommentAction","name":"Comment","target":["https:\/\/orchidays.fr\/blog\/a-la-une\/decouvrez-lorchidee-dasie-a-belley-beaute-et-culture\/#respond"]}]},{"@type":"WebPage","@id":"https:\/\/orchidays.fr\/blog\/a-la-une\/decouvrez-lorchidee-dasie-a-belley-beaute-et-culture\/","url":"https:\/\/orchidays.fr\/blog\/a-la-une\/decouvrez-lorchidee-dasie-a-belley-beaute-et-culture\/","name":"D\u00e9couvrez l'Orchid\u00e9e d'Asie \u00e0 Belley : Beaut\u00e9 et Culture","isPartOf":{"@id":"https:\/\/orchidays.fr\/blog\/#website"},"primaryImageOfPage":{"@id":"https:\/\/orchidays.fr\/blog\/a-la-une\/decouvrez-lorchidee-dasie-a-belley-beaute-et-culture\/#primaryimage"},"image":{"@id":"https:\/\/orchidays.fr\/blog\/a-la-une\/decouvrez-lorchidee-dasie-a-belley-beaute-et-culture\/#primaryimage"},"thumbnailUrl":"https:\/\/orchidays.fr\/blog\/wp-content\/uploads\/2025\/02\/stability-decouvrez-lorchidee-dasie-a-belley-beaute-et-culture.png","datePublished":"2025-02-09T14:41:00+00:00","description":"Dans la r\u00e9gion de Belley, l'orchid\u00e9e d'Asie attire l'attention des passionn\u00e9s de botanique et des amateurs de fleurs.","inLanguage":"fr-FR","potentialAction":[{"@type":"ReadAction","target":["https:\/\/orchidays.fr\/blog\/a-la-une\/decouvrez-lorchidee-dasie-a-belley-beaute-et-culture\/"]}]},{"@type":"ImageObject","inLanguage":"fr-FR","@id":"https:\/\/orchidays.fr\/blog\/a-la-une\/decouvrez-lorchidee-dasie-a-belley-beaute-et-culture\/#primaryimage","url":"https:\/\/orchidays.fr\/blog\/wp-content\/uploads\/2025\/02\/stability-decouvrez-lorchidee-dasie-a-belley-beaute-et-culture.png","contentUrl":"https:\/\/orchidays.fr\/blog\/wp-content\/uploads\/2025\/02\/stability-decouvrez-lorchidee-dasie-a-belley-beaute-et-culture.png","width":1024,"height":576},{"@type":"WebSite","@id":"https:\/\/orchidays.fr\/blog\/#website","url":"https:\/\/orchidays.fr\/blog\/","name":"Orchidays","description":"La beaut\u00e9 d\u00e9licate des orchid\u00e9es.","publisher":{"@id":"https:\/\/orchidays.fr\/blog\/#organization"},"alternateName":"La beaut\u00e9 d\u00e9licate des orchid\u00e9es.","potentialAction":[{"@type":"SearchAction","target":{"@type":"EntryPoint","urlTemplate":"https:\/\/orchidays.fr\/blog\/?s={search_term_string}"},"query-input":{"@type":"PropertyValueSpecification","valueRequired":true,"valueName":"search_term_string"}}],"inLanguage":"fr-FR"},{"@type":["Organization","NewsMediaOrganization"],"@id":"https:\/\/orchidays.fr\/blog\/#organization","name":"Orchidays","alternateName":"Orchidays \u2014 Le m\u00e9dia des passionn\u00e9s d orchid\u00e9es","url":"https:\/\/orchidays.fr\/blog\/","logo":{"@type":"ImageObject","inLanguage":"fr-FR","@id":"https:\/\/orchidays.fr\/blog\/#\/schema\/logo\/image\/","url":"https:\/\/orchidays.fr\/blog\/wp-content\/uploads\/2024\/12\/Orchidays.png","contentUrl":"https:\/\/orchidays.fr\/blog\/wp-content\/uploads\/2024\/12\/Orchidays.png","width":500,"height":500,"caption":"Orchidays"},"image":{"@id":"https:\/\/orchidays.fr\/blog\/#\/schema\/logo\/image\/"},"publishingPrinciples":"https:\/\/orchidays.fr\/blog\/charte-editoriale\/","ethicsPolicy":"https:\/\/orchidays.fr\/blog\/charte-editoriale\/","actionableFeedbackPolicy":"https:\/\/orchidays.fr\/blog\/contact\/","foundingDate":"2025-01-01"},{"@type":"Person","@id":"https:\/\/orchidays.fr\/blog\/#\/schema\/person\/3c864cdc320801e3db34b663e7e3f816","name":"Julien Prigent","image":{"@type":"ImageObject","inLanguage":"fr-FR","@id":"https:\/\/orchidays.fr\/blog\/#\/schema\/person\/image\/","url":"https:\/\/orchidays.fr\/blog\/wp-content\/uploads\/2026\/06\/persona-julien-p-96x96.jpg","contentUrl":"https:\/\/orchidays.fr\/blog\/wp-content\/uploads\/2026\/06\/persona-julien-p-96x96.jpg","caption":"Julien Prigent"},"description":"Bricoleur et jardinier dans l'\u00e2me, j'\u00e9cris sur la maison et ses ext\u00e9rieurs avec les mains dans le cambouis plus que dans les th\u00e9ories. Mon terrain couvre tout l'habitat : le potager et le jardin au fil des saisons, mais aussi les petits travaux, la r\u00e9novation, le bricolage et les m\u00e9tiers du b\u00e2timent \u2014 toiture, isolation, menuiserie, serrurerie, ma\u00e7onnerie. J'aime expliquer un geste technique simplement, donner des fourchettes de prix r\u00e9alistes et les bons crit\u00e8res pour choisir un mat\u00e9riau ou un artisan. Je teste ce que je peux sur mes propres chantiers et au jardin avant d'en parler, je distingue la tradition de ce que confirme l'observation, et je pr\u00e9cise toujours le contexte \u2014 climat, type de sol, configuration du logement \u2014 parce qu'un m\u00eame conseil ne vaut pas partout. Mon but : rendre l'entretien et l'am\u00e9lioration de la maison accessibles, durables et \u00e9conomes.","sameAs":["https:\/\/julienprigent.fr\/"],"url":"https:\/\/orchidays.fr\/blog\/auteur\/julien-p\/"}]}},"_links":{"self":[{"href":"https:\/\/orchidays.fr\/blog\/wp-json\/wp\/v2\/posts\/7455","targetHints":{"allow":["GET"]}}],"collection":[{"href":"https:\/\/orchidays.fr\/blog\/wp-json\/wp\/v2\/posts"}],"about":[{"href":"https:\/\/orchidays.fr\/blog\/wp-json\/wp\/v2\/types\/post"}],"author":[{"embeddable":true,"href":"https:\/\/orchidays.fr\/blog\/wp-json\/wp\/v2\/users\/34"}],"replies":[{"embeddable":true,"href":"https:\/\/orchidays.fr\/blog\/wp-json\/wp\/v2\/comments?post=7455"}],"version-history":[{"count":2,"href":"https:\/\/orchidays.fr\/blog\/wp-json\/wp\/v2\/posts\/7455\/revisions"}],"predecessor-version":[{"id":7619,"href":"https:\/\/orchidays.fr\/blog\/wp-json\/wp\/v2\/posts\/7455\/revisions\/7619"}],"wp:featuredmedia":[{"embeddable":true,"href":"https:\/\/orchidays.fr\/blog\/wp-json\/wp\/v2\/media\/7456"}],"wp:attachment":[{"href":"https:\/\/orchidays.fr\/blog\/wp-json\/wp\/v2\/media?parent=7455"}],"wp:term":[{"taxonomy":"category","embeddable":true,"href":"https:\/\/orchidays.fr\/blog\/wp-json\/wp\/v2\/categories?post=7455"},{"taxonomy":"post_tag","embeddable":true,"href":"https:\/\/orchidays.fr\/blog\/wp-json\/wp\/v2\/tags?post=7455"}],"curies":[{"name":"wp","href":"https:\/\/api.w.org\/{rel}","templated":true}]}}