{"id":7451,"date":"2025-02-11T16:21:00","date_gmt":"2025-02-11T15:21:00","guid":{"rendered":"https:\/\/orchidays.fr\/blog\/?p=7451"},"modified":"2025-02-08T14:49:11","modified_gmt":"2025-02-08T13:49:11","slug":"guide-complet-pour-creer-un-cadre-vegetal-ideal-pour-vos-orchidees","status":"publish","type":"post","link":"https:\/\/orchidays.fr\/blog\/a-la-une\/guide-complet-pour-creer-un-cadre-vegetal-ideal-pour-vos-orchidees\/","title":{"rendered":"Guide complet pour cr\u00e9er un cadre v\u00e9g\u00e9tal id\u00e9al pour vos orchid\u00e9es"},"content":{"rendered":"<h2>Introduction<\/h2>\n<p>Cependant, leur entretien peut sembler complexe. Comment cr\u00e9er un cadre v\u00e9g\u00e9tal qui favorise leur \u00e9panouissement tout en ajoutant une touche esth\u00e9tique \u00e0 votre espace ? Cet article vous guide \u00e0 travers les meilleures pratiques pour concevoir un environnement id\u00e9al pour vos orchid\u00e9es.<\/p>\n<h2>D\u00e9finition d\u2019un cadre v\u00e9g\u00e9tal pour orchid\u00e9es<\/h2>\n<p>Un cadre v\u00e9g\u00e9tal pour orchid\u00e9es d\u00e9signe un ensemble d\u2019\u00e9l\u00e9ments naturels et d\u00e9coratifs, con\u00e7u pour accueillir ces plantes d\u00e9licates. Cela inclut le choix des pots, le substrat, l\u2019\u00e9clairage et l\u2019humidit\u00e9. L\u2019objectif principal est de reproduire leur habitat naturel, ce qui favorise leur croissance et leur floraison.<\/p>\n<p>Les orchid\u00e9es se d\u00e9veloppent g\u00e9n\u00e9ralement dans des environnements humides et bien \u00e9clair\u00e9s. En cr\u00e9ant un cadre v\u00e9g\u00e9tal adapt\u00e9, vous leur offrez les meilleures conditions pour prosp\u00e9rer. Les pots transparents, par exemple, permettent une bonne circulation de la lumi\u00e8re tout en offrant une vue sur les racines.<\/p>\n<h2>Les \u00e9l\u00e9ments essentiels pour un cadre v\u00e9g\u00e9tal r\u00e9ussi<\/h2>\n<p>Pour r\u00e9ussir votre cadre v\u00e9g\u00e9tal, plusieurs \u00e9l\u00e9ments doivent \u00eatre pris en compte :<img decoding=\"async\" width=\"1024\" height=\"576\" src=\"https:\/\/orchidays.fr\/blog\/wp-content\/uploads\/2025\/02\/stability-guide-complet-pour-creer-un-cadre-vegetal-ideal-pour-vos-orchidees-1.png\" class=\"aligncenter\" alt=\"Illustration d\u00e9taill\u00e9e sur Guide complet pour cr\u00e9er un cadre v\u00e9g\u00e9tal id\u00e9al pour vos orchid\u00e9es\" title=\"Guide complet pour cr\u00e9er un cadre v\u00e9g\u00e9tal id\u00e9al pour vos orchid\u00e9es\" loading=\"lazy\" \/><\/p>\n<blockquote class=\"wp-embedded-content\" data-secret=\"XKSbb5JSkt\"><p><a href=\"https:\/\/orchidays.fr\/blog\/a-la-une\/tout-savoir-sur-lorchidee-frontignan-culture-et-caracteristiques\/\">Tout savoir sur l&rsquo;orchid\u00e9e Frontignan : culture et caract\u00e9ristiques<\/a><\/p><\/blockquote>\n<p><iframe loading=\"lazy\" class=\"wp-embedded-content\" sandbox=\"allow-scripts\" security=\"restricted\" style=\"position: absolute; visibility: hidden;\" title=\"\u00ab\u00a0Tout savoir sur l&rsquo;orchid\u00e9e Frontignan : culture et caract\u00e9ristiques\u00a0\u00bb &#8212; orchidays\" src=\"https:\/\/orchidays.fr\/blog\/a-la-une\/tout-savoir-sur-lorchidee-frontignan-culture-et-caracteristiques\/embed\/#?secret=3GN1e2DTmZ#?secret=XKSbb5JSkt\" data-secret=\"XKSbb5JSkt\" width=\"600\" height=\"338\" frameborder=\"0\" marginwidth=\"0\" marginheight=\"0\" scrolling=\"no\"><\/iframe><\/p>\n<ul>\n<li><strong>Substrat appropri\u00e9 :<\/strong> Optez pour un m\u00e9lange sp\u00e9cifique pour orchid\u00e9es, souvent compos\u00e9 d\u2019\u00e9corces de pin, de sphaigne ou de perlite.<\/li>\n<li><strong>\u00c9clairage ad\u00e9quat :<\/strong> Les orchid\u00e9es n\u00e9cessitent une lumi\u00e8re indirecte. Positionnez-les pr\u00e8s d&rsquo;une fen\u00eatre orient\u00e9e \u00e0 l&rsquo;est ou \u00e0 l&rsquo;ouest.<\/li>\n<li><strong>Humidit\u00e9 contr\u00f4l\u00e9e :<\/strong> Maintenez une humidit\u00e9 ambiante de 50 \u00e0 70 %. Utilisez un humidificateur ou placez des coupelles d&rsquo;eau \u00e0 proximit\u00e9.<\/li>\n<li><strong>Temp\u00e9rature stable :<\/strong> La plupart des orchid\u00e9es se plaisent dans une temp\u00e9rature diurne de 20 \u00e0 25 \u00b0C et nocturne de 15 \u00e0 18 \u00b0C.<\/li>\n<\/ul>\n<h2>Impact d\u2019un bon cadre v\u00e9g\u00e9tal sur la sant\u00e9 des orchid\u00e9es<\/h2>\n<p>Un cadre v\u00e9g\u00e9tal bien con\u00e7u a un impact direct sur la sant\u00e9 de vos orchid\u00e9es. En respectant leurs besoins en lumi\u00e8re et en humidit\u00e9, vous stimulez leur croissance et leur floraison.<\/p>\n<p>Les orchid\u00e9es cultiv\u00e9es dans un environnement adapt\u00e9 montrent souvent des signes de vitalit\u00e9, tels que des feuilles brillantes et des racines bien d\u00e9velopp\u00e9es. \u00c0 l\u2019inverse, un cadre inappropri\u00e9 peut entra\u00eener des probl\u00e8mes tels que le fl\u00e9trissement ou la chute des fleurs.<\/p>\n<h2>Guide \u00e9tape par \u00e9tape pour cr\u00e9er votre cadre<\/h2>\n<p>Voici un guide pratique pour cr\u00e9er un cadre v\u00e9g\u00e9tal pour vos orchid\u00e9es :<\/p>\n<li><strong>Choisir le bon emplacement :<\/strong> Recherchez un endroit lumineux, mais sans soleil direct.<\/li>\n<li><strong>Pr\u00e9parer le pot :<\/strong> Utilisez un pot transparent pour observer l&rsquo;\u00e9tat des racines. Assurez-vous qu&rsquo;il poss\u00e8de des trous de drainage.<\/li>\n<li><strong>Utiliser le bon substrat :<\/strong> Remplissez le pot avec un m\u00e9lange adapt\u00e9 pour orchid\u00e9es, en veillant \u00e0 ne pas trop tasser le substrat.<\/li>\n<li><strong>Placer l\u2019orchid\u00e9e :<\/strong> Ins\u00e9rez d\u00e9licatement l\u2019orchid\u00e9e dans le pot, en r\u00e9partissant les racines.<\/li>\n<li><strong>Arroser avec pr\u00e9caution :<\/strong> Humidifiez le substrat sans le d\u00e9tremper. Laissez s\u00e9cher l\u00e9g\u00e8rement entre les arrosages.<\/li>\n<h2>FAQ :<\/h2>\n<blockquote>\n<ul>\n<li><strong>Quelle est la meilleure p\u00e9riode pour rempoter une orchid\u00e9e ?<\/strong>Le rempotage se fait g\u00e9n\u00e9ralement apr\u00e8s la floraison, au printemps.<\/li>\n<li><strong>Comment savoir si mon orchid\u00e9e a besoin d&rsquo;eau ?<\/strong>V\u00e9rifiez le substrat : s&rsquo;il est sec au toucher, il est temps d&rsquo;arroser.<\/li>\n<li><strong>Les orchid\u00e9es ont-elles besoin d&rsquo;engrais ?<\/strong>Oui, appliquez un engrais sp\u00e9cifique pour orchid\u00e9es tous les mois pendant la p\u00e9riode de croissance.<\/li>\n<li><strong>Puis-je placer mon orchid\u00e9e \u00e0 l&rsquo;ext\u00e9rieur ?<\/strong>Oui, mais seulement pendant les mois chauds et \u00e0 l&rsquo;ombre.<\/li>\n<\/ul>\n<\/blockquote>\n<h2>Conclusion<\/h2>\n<p>Cr\u00e9er un cadre v\u00e9g\u00e9tal pour vos orchid\u00e9es n\u2019est pas seulement un acte d\u00e9coratif, mais une v\u00e9ritable contribution \u00e0 leur bien-\u00eatre. En respectant leurs besoins sp\u00e9cifiques, vous pouvez profiter de la beaut\u00e9 et de la floraison de ces plantes d\u00e9licates pendant de nombreuses ann\u00e9es. Investissez du temps et de l\u2019attention, et vos orchid\u00e9es vous en remercieront par leur \u00e9clat.<\/p>\n<table>\n<tr>\n<th>\u00c9l\u00e9ment<\/th>\n<th>Importance<\/th>\n<th>Conseil<\/th>\n<\/tr>\n<tr>\n<td>Substrat<\/td>\n<td>Permet un bon drainage<\/td>\n<td>Utiliser un m\u00e9lange sp\u00e9cifique<\/td>\n<\/tr>\n<tr>\n<td>\u00c9clairage<\/td>\n<td>Favorise la photosynth\u00e8se<\/td>\n<td>Lumi\u00e8re indirecte id\u00e9ale<\/td>\n<\/tr>\n<tr>\n<td>Humidit\u00e9<\/td>\n<td>\u00c9vite le dess\u00e8chement<\/td>\n<td>Utiliser un humidificateur<\/td>\n<\/tr>\n<\/table>\n","protected":false},"excerpt":{"rendered":"","protected":false},"author":41,"featured_media":7452,"comment_status":"open","ping_status":"open","sticky":false,"template":"","format":"standard","meta":{"_acf_changed":false,"manual_indexmenow":false,"indexmenow_id_project":0,"footnotes":""},"categories":[1],"tags":[4594,4595,3103,3715,4596,3720],"class_list":["post-7451","post","type-post","status-publish","format-standard","has-post-thumbnail","hentry","category-a-la-une","tag-cadre-vegetal","tag-eclairage","tag-humidite","tag-orchidees","tag-substrat","tag-temperature","generate-columns","tablet-grid-50","mobile-grid-100","grid-parent","grid-25"],"acf":[],"yoast_head":"<!-- This site is optimized with the Yoast SEO Premium plugin v21.3 (Yoast SEO v26.5) - https:\/\/yoast.com\/wordpress\/plugins\/seo\/ -->\n<title>Guide complet pour cr\u00e9er un cadre v\u00e9g\u00e9tal id\u00e9al<\/title>\n<meta name=\"description\" content=\"Cependant, leur entretien peut sembler complexe.\" \/>\n<meta name=\"robots\" content=\"index, follow, max-snippet:-1, max-image-preview:large, max-video-preview:-1\" \/>\n<link rel=\"canonical\" href=\"https:\/\/orchidays.fr\/blog\/a-la-une\/guide-complet-pour-creer-un-cadre-vegetal-ideal-pour-vos-orchidees\/\" \/>\n<meta property=\"og:locale\" content=\"fr_FR\" \/>\n<meta property=\"og:type\" content=\"article\" \/>\n<meta property=\"og:title\" content=\"Guide complet pour cr\u00e9er un cadre v\u00e9g\u00e9tal id\u00e9al\" \/>\n<meta property=\"og:description\" content=\"Cependant, leur entretien peut sembler complexe.\" \/>\n<meta property=\"og:url\" content=\"https:\/\/orchidays.fr\/blog\/a-la-une\/guide-complet-pour-creer-un-cadre-vegetal-ideal-pour-vos-orchidees\/\" \/>\n<meta property=\"og:site_name\" content=\"orchidays\" \/>\n<meta property=\"og:image\" content=\"https:\/\/orchidays.fr\/blog\/wp-content\/uploads\/2025\/02\/stability-guide-complet-pour-creer-un-cadre-vegetal-ideal-pour-vos-orchidees.png\" \/>\n\t<meta property=\"og:image:width\" content=\"1024\" \/>\n\t<meta property=\"og:image:height\" content=\"576\" \/>\n\t<meta property=\"og:image:type\" content=\"image\/png\" \/>\n<meta name=\"author\" content=\"Marie Devaux\" \/>\n<meta name=\"twitter:card\" content=\"summary_large_image\" \/>\n<script type=\"application\/ld+json\" class=\"yoast-schema-graph\">{\"@context\":\"https:\/\/schema.org\",\"@graph\":[{\"@type\":\"NewsArticle\",\"@id\":\"https:\/\/orchidays.fr\/blog\/a-la-une\/guide-complet-pour-creer-un-cadre-vegetal-ideal-pour-vos-orchidees\/#article\",\"isPartOf\":{\"@id\":\"https:\/\/orchidays.fr\/blog\/a-la-une\/guide-complet-pour-creer-un-cadre-vegetal-ideal-pour-vos-orchidees\/\"},\"author\":{\"name\":\"Marie Devaux\",\"@id\":\"https:\/\/orchidays.fr\/blog\/#\/schema\/person\/7d6c3c19d769934f043bdc9bb29c407a\"},\"headline\":\"Guide complet pour cr\u00e9er un cadre v\u00e9g\u00e9tal id\u00e9al pour vos orchid\u00e9es\",\"datePublished\":\"2025-02-11T15:21:00+00:00\",\"mainEntityOfPage\":{\"@id\":\"https:\/\/orchidays.fr\/blog\/a-la-une\/guide-complet-pour-creer-un-cadre-vegetal-ideal-pour-vos-orchidees\/\"},\"wordCount\":726,\"commentCount\":16,\"publisher\":{\"@id\":\"https:\/\/orchidays.fr\/blog\/#organization\"},\"image\":{\"@id\":\"https:\/\/orchidays.fr\/blog\/a-la-une\/guide-complet-pour-creer-un-cadre-vegetal-ideal-pour-vos-orchidees\/#primaryimage\"},\"thumbnailUrl\":\"https:\/\/orchidays.fr\/blog\/wp-content\/uploads\/2025\/02\/stability-guide-complet-pour-creer-un-cadre-vegetal-ideal-pour-vos-orchidees.png\",\"keywords\":[\"Cadre V\u00e9g\u00e9tal\",\"\u00c9clairage\",\"Humidit\u00e9\",\"Orchid\u00e9es\",\"Substrat\",\"Temp\u00e9rature\"],\"articleSection\":[\"\u00c0 la une\"],\"inLanguage\":\"fr-FR\",\"potentialAction\":[{\"@type\":\"CommentAction\",\"name\":\"Comment\",\"target\":[\"https:\/\/orchidays.fr\/blog\/a-la-une\/guide-complet-pour-creer-un-cadre-vegetal-ideal-pour-vos-orchidees\/#respond\"]}]},{\"@type\":\"WebPage\",\"@id\":\"https:\/\/orchidays.fr\/blog\/a-la-une\/guide-complet-pour-creer-un-cadre-vegetal-ideal-pour-vos-orchidees\/\",\"url\":\"https:\/\/orchidays.fr\/blog\/a-la-une\/guide-complet-pour-creer-un-cadre-vegetal-ideal-pour-vos-orchidees\/\",\"name\":\"Guide complet pour cr\u00e9er un cadre v\u00e9g\u00e9tal id\u00e9al\",\"isPartOf\":{\"@id\":\"https:\/\/orchidays.fr\/blog\/#website\"},\"primaryImageOfPage\":{\"@id\":\"https:\/\/orchidays.fr\/blog\/a-la-une\/guide-complet-pour-creer-un-cadre-vegetal-ideal-pour-vos-orchidees\/#primaryimage\"},\"image\":{\"@id\":\"https:\/\/orchidays.fr\/blog\/a-la-une\/guide-complet-pour-creer-un-cadre-vegetal-ideal-pour-vos-orchidees\/#primaryimage\"},\"thumbnailUrl\":\"https:\/\/orchidays.fr\/blog\/wp-content\/uploads\/2025\/02\/stability-guide-complet-pour-creer-un-cadre-vegetal-ideal-pour-vos-orchidees.png\",\"datePublished\":\"2025-02-11T15:21:00+00:00\",\"description\":\"Cependant, leur entretien peut sembler complexe.\",\"inLanguage\":\"fr-FR\",\"potentialAction\":[{\"@type\":\"ReadAction\",\"target\":[\"https:\/\/orchidays.fr\/blog\/a-la-une\/guide-complet-pour-creer-un-cadre-vegetal-ideal-pour-vos-orchidees\/\"]}]},{\"@type\":\"ImageObject\",\"inLanguage\":\"fr-FR\",\"@id\":\"https:\/\/orchidays.fr\/blog\/a-la-une\/guide-complet-pour-creer-un-cadre-vegetal-ideal-pour-vos-orchidees\/#primaryimage\",\"url\":\"https:\/\/orchidays.fr\/blog\/wp-content\/uploads\/2025\/02\/stability-guide-complet-pour-creer-un-cadre-vegetal-ideal-pour-vos-orchidees.png\",\"contentUrl\":\"https:\/\/orchidays.fr\/blog\/wp-content\/uploads\/2025\/02\/stability-guide-complet-pour-creer-un-cadre-vegetal-ideal-pour-vos-orchidees.png\",\"width\":1024,\"height\":576},{\"@type\":\"WebSite\",\"@id\":\"https:\/\/orchidays.fr\/blog\/#website\",\"url\":\"https:\/\/orchidays.fr\/blog\/\",\"name\":\"Orchidays\",\"description\":\"La beaut\u00e9 d\u00e9licate des orchid\u00e9es.\",\"publisher\":{\"@id\":\"https:\/\/orchidays.fr\/blog\/#organization\"},\"alternateName\":\"La beaut\u00e9 d\u00e9licate des orchid\u00e9es.\",\"potentialAction\":[{\"@type\":\"SearchAction\",\"target\":{\"@type\":\"EntryPoint\",\"urlTemplate\":\"https:\/\/orchidays.fr\/blog\/?s={search_term_string}\"},\"query-input\":{\"@type\":\"PropertyValueSpecification\",\"valueRequired\":true,\"valueName\":\"search_term_string\"}}],\"inLanguage\":\"fr-FR\"},{\"@type\":[\"Organization\",\"NewsMediaOrganization\"],\"@id\":\"https:\/\/orchidays.fr\/blog\/#organization\",\"name\":\"Orchidays\",\"alternateName\":\"Orchidays \u2014 Le m\u00e9dia des passionn\u00e9s d orchid\u00e9es\",\"url\":\"https:\/\/orchidays.fr\/blog\/\",\"logo\":{\"@type\":\"ImageObject\",\"inLanguage\":\"fr-FR\",\"@id\":\"https:\/\/orchidays.fr\/blog\/#\/schema\/logo\/image\/\",\"url\":\"https:\/\/orchidays.fr\/blog\/wp-content\/uploads\/2024\/12\/Orchidays.png\",\"contentUrl\":\"https:\/\/orchidays.fr\/blog\/wp-content\/uploads\/2024\/12\/Orchidays.png\",\"width\":500,\"height\":500,\"caption\":\"Orchidays\"},\"image\":{\"@id\":\"https:\/\/orchidays.fr\/blog\/#\/schema\/logo\/image\/\"},\"publishingPrinciples\":\"https:\/\/orchidays.fr\/blog\/charte-editoriale\/\",\"ethicsPolicy\":\"https:\/\/orchidays.fr\/blog\/charte-editoriale\/\",\"actionableFeedbackPolicy\":\"https:\/\/orchidays.fr\/blog\/contact\/\",\"foundingDate\":\"2025-01-01\"},{\"@type\":\"Person\",\"@id\":\"https:\/\/orchidays.fr\/blog\/#\/schema\/person\/7d6c3c19d769934f043bdc9bb29c407a\",\"name\":\"Marie Devaux\",\"image\":{\"@type\":\"ImageObject\",\"inLanguage\":\"fr-FR\",\"@id\":\"https:\/\/orchidays.fr\/blog\/#\/schema\/person\/image\/\",\"url\":\"https:\/\/secure.gravatar.com\/avatar\/?s=96&d=mm&r=g\",\"contentUrl\":\"https:\/\/secure.gravatar.com\/avatar\/?s=96&d=mm&r=g\",\"caption\":\"Marie Devaux\"},\"description\":\"La d\u00e9coration d'int\u00e9rieur est mon univers depuis plus de dix ans, du conseil en agencement \u00e0 l'\u00e9criture \u00e9ditoriale. Je me consacre surtout \u00e0 l'am\u00e9nagement des pi\u00e8ces de vie : choix du canap\u00e9 selon l'espace et l'usage, harmonie des couleurs, circulation, lumi\u00e8re naturelle et petites astuces qui rendent un salon vraiment accueillant. J'aime traiter la d\u00e9co comme un sujet concret, avec des fourchettes de prix r\u00e9alistes et des crit\u00e8res mesurables plut\u00f4t que des effets de mode. Avant de recommander un meuble ou une mati\u00e8re, je compare les mod\u00e8les, je v\u00e9rifie l'entretien dans la dur\u00e9e et je pense au quotidien des familles, enfants et animaux compris. Mon angle : un int\u00e9rieur qui se vit, pas seulement qui se photographie. Je tiens \u00e0 ce que chaque conseil soit applicable, que l'on r\u00e9nove un studio ou que l'on meuble une grande maison.\",\"sameAs\":[\"https:\/\/mariedevaux.fr\/\"],\"url\":\"https:\/\/orchidays.fr\/blog\/auteur\/marie-d\/\"}]}<\/script>\n<!-- \/ Yoast SEO Premium plugin. -->","yoast_head_json":{"title":"Guide complet pour cr\u00e9er un cadre v\u00e9g\u00e9tal id\u00e9al","description":"Cependant, leur entretien peut sembler complexe.","robots":{"index":"index","follow":"follow","max-snippet":"max-snippet:-1","max-image-preview":"max-image-preview:large","max-video-preview":"max-video-preview:-1"},"canonical":"https:\/\/orchidays.fr\/blog\/a-la-une\/guide-complet-pour-creer-un-cadre-vegetal-ideal-pour-vos-orchidees\/","og_locale":"fr_FR","og_type":"article","og_title":"Guide complet pour cr\u00e9er un cadre v\u00e9g\u00e9tal id\u00e9al","og_description":"Cependant, leur entretien peut sembler complexe.","og_url":"https:\/\/orchidays.fr\/blog\/a-la-une\/guide-complet-pour-creer-un-cadre-vegetal-ideal-pour-vos-orchidees\/","og_site_name":"orchidays","og_image":[{"width":1024,"height":576,"url":"https:\/\/orchidays.fr\/blog\/wp-content\/uploads\/2025\/02\/stability-guide-complet-pour-creer-un-cadre-vegetal-ideal-pour-vos-orchidees.png","type":"image\/png"}],"author":"Marie Devaux","twitter_card":"summary_large_image","schema":{"@context":"https:\/\/schema.org","@graph":[{"@type":"NewsArticle","@id":"https:\/\/orchidays.fr\/blog\/a-la-une\/guide-complet-pour-creer-un-cadre-vegetal-ideal-pour-vos-orchidees\/#article","isPartOf":{"@id":"https:\/\/orchidays.fr\/blog\/a-la-une\/guide-complet-pour-creer-un-cadre-vegetal-ideal-pour-vos-orchidees\/"},"author":{"name":"Marie Devaux","@id":"https:\/\/orchidays.fr\/blog\/#\/schema\/person\/7d6c3c19d769934f043bdc9bb29c407a"},"headline":"Guide complet pour cr\u00e9er un cadre v\u00e9g\u00e9tal id\u00e9al pour vos orchid\u00e9es","datePublished":"2025-02-11T15:21:00+00:00","mainEntityOfPage":{"@id":"https:\/\/orchidays.fr\/blog\/a-la-une\/guide-complet-pour-creer-un-cadre-vegetal-ideal-pour-vos-orchidees\/"},"wordCount":726,"commentCount":16,"publisher":{"@id":"https:\/\/orchidays.fr\/blog\/#organization"},"image":{"@id":"https:\/\/orchidays.fr\/blog\/a-la-une\/guide-complet-pour-creer-un-cadre-vegetal-ideal-pour-vos-orchidees\/#primaryimage"},"thumbnailUrl":"https:\/\/orchidays.fr\/blog\/wp-content\/uploads\/2025\/02\/stability-guide-complet-pour-creer-un-cadre-vegetal-ideal-pour-vos-orchidees.png","keywords":["Cadre V\u00e9g\u00e9tal","\u00c9clairage","Humidit\u00e9","Orchid\u00e9es","Substrat","Temp\u00e9rature"],"articleSection":["\u00c0 la une"],"inLanguage":"fr-FR","potentialAction":[{"@type":"CommentAction","name":"Comment","target":["https:\/\/orchidays.fr\/blog\/a-la-une\/guide-complet-pour-creer-un-cadre-vegetal-ideal-pour-vos-orchidees\/#respond"]}]},{"@type":"WebPage","@id":"https:\/\/orchidays.fr\/blog\/a-la-une\/guide-complet-pour-creer-un-cadre-vegetal-ideal-pour-vos-orchidees\/","url":"https:\/\/orchidays.fr\/blog\/a-la-une\/guide-complet-pour-creer-un-cadre-vegetal-ideal-pour-vos-orchidees\/","name":"Guide complet pour cr\u00e9er un cadre v\u00e9g\u00e9tal id\u00e9al","isPartOf":{"@id":"https:\/\/orchidays.fr\/blog\/#website"},"primaryImageOfPage":{"@id":"https:\/\/orchidays.fr\/blog\/a-la-une\/guide-complet-pour-creer-un-cadre-vegetal-ideal-pour-vos-orchidees\/#primaryimage"},"image":{"@id":"https:\/\/orchidays.fr\/blog\/a-la-une\/guide-complet-pour-creer-un-cadre-vegetal-ideal-pour-vos-orchidees\/#primaryimage"},"thumbnailUrl":"https:\/\/orchidays.fr\/blog\/wp-content\/uploads\/2025\/02\/stability-guide-complet-pour-creer-un-cadre-vegetal-ideal-pour-vos-orchidees.png","datePublished":"2025-02-11T15:21:00+00:00","description":"Cependant, leur entretien peut sembler complexe.","inLanguage":"fr-FR","potentialAction":[{"@type":"ReadAction","target":["https:\/\/orchidays.fr\/blog\/a-la-une\/guide-complet-pour-creer-un-cadre-vegetal-ideal-pour-vos-orchidees\/"]}]},{"@type":"ImageObject","inLanguage":"fr-FR","@id":"https:\/\/orchidays.fr\/blog\/a-la-une\/guide-complet-pour-creer-un-cadre-vegetal-ideal-pour-vos-orchidees\/#primaryimage","url":"https:\/\/orchidays.fr\/blog\/wp-content\/uploads\/2025\/02\/stability-guide-complet-pour-creer-un-cadre-vegetal-ideal-pour-vos-orchidees.png","contentUrl":"https:\/\/orchidays.fr\/blog\/wp-content\/uploads\/2025\/02\/stability-guide-complet-pour-creer-un-cadre-vegetal-ideal-pour-vos-orchidees.png","width":1024,"height":576},{"@type":"WebSite","@id":"https:\/\/orchidays.fr\/blog\/#website","url":"https:\/\/orchidays.fr\/blog\/","name":"Orchidays","description":"La beaut\u00e9 d\u00e9licate des orchid\u00e9es.","publisher":{"@id":"https:\/\/orchidays.fr\/blog\/#organization"},"alternateName":"La beaut\u00e9 d\u00e9licate des orchid\u00e9es.","potentialAction":[{"@type":"SearchAction","target":{"@type":"EntryPoint","urlTemplate":"https:\/\/orchidays.fr\/blog\/?s={search_term_string}"},"query-input":{"@type":"PropertyValueSpecification","valueRequired":true,"valueName":"search_term_string"}}],"inLanguage":"fr-FR"},{"@type":["Organization","NewsMediaOrganization"],"@id":"https:\/\/orchidays.fr\/blog\/#organization","name":"Orchidays","alternateName":"Orchidays \u2014 Le m\u00e9dia des passionn\u00e9s d orchid\u00e9es","url":"https:\/\/orchidays.fr\/blog\/","logo":{"@type":"ImageObject","inLanguage":"fr-FR","@id":"https:\/\/orchidays.fr\/blog\/#\/schema\/logo\/image\/","url":"https:\/\/orchidays.fr\/blog\/wp-content\/uploads\/2024\/12\/Orchidays.png","contentUrl":"https:\/\/orchidays.fr\/blog\/wp-content\/uploads\/2024\/12\/Orchidays.png","width":500,"height":500,"caption":"Orchidays"},"image":{"@id":"https:\/\/orchidays.fr\/blog\/#\/schema\/logo\/image\/"},"publishingPrinciples":"https:\/\/orchidays.fr\/blog\/charte-editoriale\/","ethicsPolicy":"https:\/\/orchidays.fr\/blog\/charte-editoriale\/","actionableFeedbackPolicy":"https:\/\/orchidays.fr\/blog\/contact\/","foundingDate":"2025-01-01"},{"@type":"Person","@id":"https:\/\/orchidays.fr\/blog\/#\/schema\/person\/7d6c3c19d769934f043bdc9bb29c407a","name":"Marie Devaux","image":{"@type":"ImageObject","inLanguage":"fr-FR","@id":"https:\/\/orchidays.fr\/blog\/#\/schema\/person\/image\/","url":"https:\/\/secure.gravatar.com\/avatar\/?s=96&d=mm&r=g","contentUrl":"https:\/\/secure.gravatar.com\/avatar\/?s=96&d=mm&r=g","caption":"Marie Devaux"},"description":"La d\u00e9coration d'int\u00e9rieur est mon univers depuis plus de dix ans, du conseil en agencement \u00e0 l'\u00e9criture \u00e9ditoriale. Je me consacre surtout \u00e0 l'am\u00e9nagement des pi\u00e8ces de vie : choix du canap\u00e9 selon l'espace et l'usage, harmonie des couleurs, circulation, lumi\u00e8re naturelle et petites astuces qui rendent un salon vraiment accueillant. J'aime traiter la d\u00e9co comme un sujet concret, avec des fourchettes de prix r\u00e9alistes et des crit\u00e8res mesurables plut\u00f4t que des effets de mode. Avant de recommander un meuble ou une mati\u00e8re, je compare les mod\u00e8les, je v\u00e9rifie l'entretien dans la dur\u00e9e et je pense au quotidien des familles, enfants et animaux compris. Mon angle : un int\u00e9rieur qui se vit, pas seulement qui se photographie. Je tiens \u00e0 ce que chaque conseil soit applicable, que l'on r\u00e9nove un studio ou que l'on meuble une grande maison.","sameAs":["https:\/\/mariedevaux.fr\/"],"url":"https:\/\/orchidays.fr\/blog\/auteur\/marie-d\/"}]}},"_links":{"self":[{"href":"https:\/\/orchidays.fr\/blog\/wp-json\/wp\/v2\/posts\/7451","targetHints":{"allow":["GET"]}}],"collection":[{"href":"https:\/\/orchidays.fr\/blog\/wp-json\/wp\/v2\/posts"}],"about":[{"href":"https:\/\/orchidays.fr\/blog\/wp-json\/wp\/v2\/types\/post"}],"author":[{"embeddable":true,"href":"https:\/\/orchidays.fr\/blog\/wp-json\/wp\/v2\/users\/41"}],"replies":[{"embeddable":true,"href":"https:\/\/orchidays.fr\/blog\/wp-json\/wp\/v2\/comments?post=7451"}],"version-history":[{"count":2,"href":"https:\/\/orchidays.fr\/blog\/wp-json\/wp\/v2\/posts\/7451\/revisions"}],"predecessor-version":[{"id":7638,"href":"https:\/\/orchidays.fr\/blog\/wp-json\/wp\/v2\/posts\/7451\/revisions\/7638"}],"wp:featuredmedia":[{"embeddable":true,"href":"https:\/\/orchidays.fr\/blog\/wp-json\/wp\/v2\/media\/7452"}],"wp:attachment":[{"href":"https:\/\/orchidays.fr\/blog\/wp-json\/wp\/v2\/media?parent=7451"}],"wp:term":[{"taxonomy":"category","embeddable":true,"href":"https:\/\/orchidays.fr\/blog\/wp-json\/wp\/v2\/categories?post=7451"},{"taxonomy":"post_tag","embeddable":true,"href":"https:\/\/orchidays.fr\/blog\/wp-json\/wp\/v2\/tags?post=7451"}],"curies":[{"name":"wp","href":"https:\/\/api.w.org\/{rel}","templated":true}]}}