{"id":7443,"date":"2025-02-08T15:41:00","date_gmt":"2025-02-08T14:41:00","guid":{"rendered":"https:\/\/orchidays.fr\/blog\/?p=7443"},"modified":"2025-02-08T14:48:39","modified_gmt":"2025-02-08T13:48:39","slug":"salle-orchidee-un-voyage-au-coeur-de-la-nature-et-de-la-detente","status":"publish","type":"post","link":"https:\/\/orchidays.fr\/blog\/a-la-une\/salle-orchidee-un-voyage-au-coeur-de-la-nature-et-de-la-detente\/","title":{"rendered":"Salle Orchid\u00e9e : Un Voyage au Coeur de la Nature et de la D\u00e9tente"},"content":{"rendered":"<h2>Introduction : Une \u00c9vasion au Coeur de la Nature<\/h2>\n<p>Imaginez un espace o\u00f9 la nature s&rsquo;\u00e9panouit, o\u00f9 chaque coin respire l&rsquo;harmonie. Que vous souhaitiez vous ressourcer, organiser un \u00e9v\u00e9nement ou simplement passer un moment agr\u00e9able, cette salle offre une atmosph\u00e8re unique. Pourquoi choisir la salle Orchid\u00e9e pour votre prochaine escapade ou \u00e9v\u00e9nement ? D\u00e9couvrons ensemble les merveilles qu&rsquo;elle a \u00e0 offrir.<\/p>\n<h2>Les caract\u00e9ristiques uniques de la salle Orchid\u00e9e<\/h2>\n<p>La salle Orchid\u00e9e se distingue par plusieurs \u00e9l\u00e9ments qui en font un lieu privil\u00e9gi\u00e9. <strong>Son design inspir\u00e9 de la nature<\/strong> cr\u00e9e une ambiance apaisante, avec des murs orn\u00e9s de motifs floraux et des mat\u00e9riaux naturels qui \u00e9voquent la s\u00e9r\u00e9nit\u00e9. Les grandes fen\u00eatres laissent entrer la lumi\u00e8re naturelle, illuminant l&rsquo;espace tout en offrant une vue imprenable sur le jardin environnant.<\/p>\n<p>Voici quelques caract\u00e9ristiques qui rendent la salle Orchid\u00e9e exceptionnelle :<\/p>\n<ul>\n<li><strong>Un cadre naturel :<\/strong> Entour\u00e9e de plantes exotiques et de fleurs color\u00e9es, la salle invite \u00e0 la d\u00e9tente.<\/li>\n<li><strong>Des \u00e9quipements modernes :<\/strong> \u00c9quip\u00e9e de technologies audiovisuelles dernier cri, la salle est parfaite pour des pr\u00e9sentations professionnelles.<\/li>\n<li><strong>Une capacit\u00e9 modulable :<\/strong> Que vous organisiez un petit s\u00e9minaire ou un grand mariage, la salle peut s&rsquo;adapter \u00e0 vos besoins.<\/li>\n<\/ul>\n<h2>Les avantages de se r\u00e9unir dans un tel environnement<\/h2>\n<p>Se retrouver dans un cadre naturel comme la salle Orchid\u00e9e a des effets b\u00e9n\u00e9fiques sur le bien-\u00eatre et la productivit\u00e9 des participants. Des \u00e9tudes montrent que la nature stimule la cr\u00e9ativit\u00e9 et r\u00e9duit le stress. En organisant vos \u00e9v\u00e9nements dans cet espace, vous favorisez un climat de collaboration.<img decoding=\"async\" width=\"1024\" height=\"576\" src=\"https:\/\/orchidays.fr\/blog\/wp-content\/uploads\/2025\/02\/stability-salle-orchidee-un-voyage-au-coeur-de-la-nature-et-de-la-detente-1.png\" class=\"aligncenter\" alt=\"Illustration d\u00e9taill\u00e9e sur Salle Orchid\u00e9e : Un Voyage au Coeur de la Nature et de la D\u00e9tente\" title=\"Salle Orchid\u00e9e : Un Voyage au Coeur de la Nature et de la D\u00e9tente\" loading=\"lazy\" \/><\/p>\n<blockquote class=\"wp-embedded-content\" data-secret=\"YfKCzXmz8V\"><p><a href=\"https:\/\/orchidays.fr\/blog\/a-la-une\/tout-savoir-sur-lorchidee-frontignan-culture-et-caracteristiques\/\">Tout savoir sur l&rsquo;orchid\u00e9e Frontignan : culture et caract\u00e9ristiques<\/a><\/p><\/blockquote>\n<p><iframe loading=\"lazy\" class=\"wp-embedded-content\" sandbox=\"allow-scripts\" security=\"restricted\" style=\"position: absolute; visibility: hidden;\" title=\"\u00ab\u00a0Tout savoir sur l&rsquo;orchid\u00e9e Frontignan : culture et caract\u00e9ristiques\u00a0\u00bb &#8212; orchidays\" src=\"https:\/\/orchidays.fr\/blog\/a-la-une\/tout-savoir-sur-lorchidee-frontignan-culture-et-caracteristiques\/embed\/#?secret=40YQNGmqQm#?secret=YfKCzXmz8V\" data-secret=\"YfKCzXmz8V\" width=\"600\" height=\"338\" frameborder=\"0\" marginwidth=\"0\" marginheight=\"0\" scrolling=\"no\"><\/iframe><\/p>\n<blockquote><p>\u00ab La nature est le meilleur antidote au stress. \u00bb<\/p><\/blockquote>\n<p>En plus du cadre apaisant, la salle Orchid\u00e9e permet \u00e9galement :<\/p>\n<ul>\n<li><strong>Des moments de partage :<\/strong> Cr\u00e9ez des souvenirs inoubliables avec vos proches ou coll\u00e8gues.<\/li>\n<li><strong>Des activit\u00e9s diversifi\u00e9es :<\/strong> Profitez d&rsquo;ateliers, de s\u00e9minaires ou de moments de d\u00e9tente au milieu des fleurs.<\/li>\n<li><strong>Une cuisine savoureuse :<\/strong> Les traiteurs locaux proposent des plats pr\u00e9par\u00e9s avec des ingr\u00e9dients frais et locaux.<\/li>\n<\/ul>\n<h2>Comment r\u00e9server la salle Orchid\u00e9e ?<\/h2>\n<p>R\u00e9server la salle Orchid\u00e9e est un processus simple et rapide. Voici les \u00e9tapes \u00e0 suivre :<\/p>\n<li><strong>Visitez le site internet :<\/strong> Consultez les disponibilit\u00e9s et les options de r\u00e9servation.<\/li>\n<li><strong>Choisissez vos dates :<\/strong> S\u00e9lectionnez la date qui vous convient le mieux.<\/li>\n<li><strong>Contactez le service client :<\/strong> Un membre de l&rsquo;\u00e9quipe se fera un plaisir de vous assister dans votre r\u00e9servation.<\/li>\n<p>Une fois votre r\u00e9servation confirm\u00e9e, commencez \u00e0 planifier votre \u00e9v\u00e9nement, qu&rsquo;il soit professionnel ou personnel. La salle Orchid\u00e9e offre \u00e9galement des services de d\u00e9coration pour rendre votre \u00e9v\u00e9nement encore plus sp\u00e9cial.<\/p>\n<h2>FAQ :<\/h2>\n<blockquote>\n<ul>\n<li><strong>Quel est le nombre maximum de personnes dans la salle Orchid\u00e9e ?<\/strong>La salle peut accueillir jusqu&rsquo;\u00e0 150 personnes selon la configuration choisie.<\/li>\n<li><strong>Y a-t-il un parking disponible ?<\/strong>Oui, un parking gratuit est \u00e0 votre disposition pour les invit\u00e9s.<\/li>\n<li><strong>Quels types d&rsquo;\u00e9v\u00e9nements peut-on organiser ?<\/strong>La salle est id\u00e9ale pour des s\u00e9minaires, mariages, ateliers, et \u00e9v\u00e9nements priv\u00e9s.<\/li>\n<li><strong>Peut-on apporter sa propre nourriture ?<\/strong>Une option de traiteur est recommand\u00e9e, mais des arrangements peuvent \u00eatre pris.<\/li>\n<\/ul>\n<\/blockquote>\n<h2>Conclusion : Une exp\u00e9rience \u00e0 ne pas manquer<\/h2>\n<p>La salle Orchid\u00e9e se pr\u00e9sente comme un espace o\u00f9 la nature et la convivialit\u00e9 se rencontrent. Que ce soit pour un \u00e9v\u00e9nement professionnel ou une c\u00e9l\u00e9bration personnelle, cet endroit promet une exp\u00e9rience inoubliable. N&rsquo;attendez plus pour faire de votre prochain \u00e9v\u00e9nement un moment m\u00e9morable dans un cadre enchanteur. R\u00e9servez d\u00e8s maintenant et laissez-vous s\u00e9duire par la magie de la salle Orchid\u00e9e.<\/p>\n<table>\n<tr>\n<th>Caract\u00e9ristiques<\/th>\n<th>Avantages<\/th>\n<th>Utilisations<\/th>\n<\/tr>\n<tr>\n<td>Cadre naturel<\/td>\n<td>R\u00e9duction du stress<\/td>\n<td>S\u00e9minaires<\/td>\n<\/tr>\n<tr>\n<td>\u00c9quipements modernes<\/td>\n<td>Augmentation de la productivit\u00e9<\/td>\n<td>Mariages<\/td>\n<\/tr>\n<tr>\n<td>Capacit\u00e9 modulable<\/td>\n<td>Flexibilit\u00e9 d&rsquo;organisation<\/td>\n<td>Ateliers cr\u00e9atifs<\/td>\n<\/tr>\n<\/table>\n","protected":false},"excerpt":{"rendered":"","protected":false},"author":39,"featured_media":7444,"comment_status":"open","ping_status":"open","sticky":false,"template":"","format":"standard","meta":{"_acf_changed":false,"manual_indexmenow":false,"indexmenow_id_project":0,"footnotes":""},"categories":[1],"tags":[2574,4589,4591,4590,4587,4588],"class_list":["post-7443","post","type-post","status-publish","format-standard","has-post-thumbnail","hentry","category-a-la-une","tag-bien-etre","tag-cadre-naturel","tag-capacite-modulable","tag-equipements-modernes","tag-evasion","tag-salle-orchidee","generate-columns","tablet-grid-50","mobile-grid-100","grid-parent","grid-25"],"acf":[],"yoast_head":"<!-- This site is optimized with the Yoast SEO Premium plugin v21.3 (Yoast SEO v26.5) - https:\/\/yoast.com\/wordpress\/plugins\/seo\/ -->\n<title>Salle Orchid\u00e9e : Un Voyage au Coeur de la Nature<\/title>\n<meta name=\"description\" content=\"Imaginez un espace o\u00f9 la nature s&#039;\u00e9panouit, o\u00f9 chaque coin respire l&#039;harmonie.\" \/>\n<meta name=\"robots\" content=\"index, follow, max-snippet:-1, max-image-preview:large, max-video-preview:-1\" \/>\n<link rel=\"canonical\" href=\"https:\/\/orchidays.fr\/blog\/a-la-une\/salle-orchidee-un-voyage-au-coeur-de-la-nature-et-de-la-detente\/\" \/>\n<meta property=\"og:locale\" content=\"fr_FR\" \/>\n<meta property=\"og:type\" content=\"article\" \/>\n<meta property=\"og:title\" content=\"Salle Orchid\u00e9e : Un Voyage au Coeur de la Nature\" \/>\n<meta property=\"og:description\" content=\"Imaginez un espace o\u00f9 la nature s&#039;\u00e9panouit, o\u00f9 chaque coin respire l&#039;harmonie.\" \/>\n<meta property=\"og:url\" content=\"https:\/\/orchidays.fr\/blog\/a-la-une\/salle-orchidee-un-voyage-au-coeur-de-la-nature-et-de-la-detente\/\" \/>\n<meta property=\"og:site_name\" content=\"orchidays\" \/>\n<meta property=\"og:image\" content=\"https:\/\/orchidays.fr\/blog\/wp-content\/uploads\/2025\/02\/stability-salle-orchidee-un-voyage-au-coeur-de-la-nature-et-de-la-detente.png\" \/>\n\t<meta property=\"og:image:width\" content=\"1024\" \/>\n\t<meta property=\"og:image:height\" content=\"576\" \/>\n\t<meta property=\"og:image:type\" content=\"image\/png\" \/>\n<meta name=\"author\" content=\"Sophie Moreau\" \/>\n<meta name=\"twitter:card\" content=\"summary_large_image\" \/>\n<script type=\"application\/ld+json\" class=\"yoast-schema-graph\">{\"@context\":\"https:\/\/schema.org\",\"@graph\":[{\"@type\":\"NewsArticle\",\"@id\":\"https:\/\/orchidays.fr\/blog\/a-la-une\/salle-orchidee-un-voyage-au-coeur-de-la-nature-et-de-la-detente\/#article\",\"isPartOf\":{\"@id\":\"https:\/\/orchidays.fr\/blog\/a-la-une\/salle-orchidee-un-voyage-au-coeur-de-la-nature-et-de-la-detente\/\"},\"author\":{\"name\":\"Sophie Moreau\",\"@id\":\"https:\/\/orchidays.fr\/blog\/#\/schema\/person\/343e6b39707ad21901b3bb19e5db6bb5\"},\"headline\":\"Salle Orchid\u00e9e : Un Voyage au Coeur de la Nature et de la D\u00e9tente\",\"datePublished\":\"2025-02-08T14:41:00+00:00\",\"mainEntityOfPage\":{\"@id\":\"https:\/\/orchidays.fr\/blog\/a-la-une\/salle-orchidee-un-voyage-au-coeur-de-la-nature-et-de-la-detente\/\"},\"wordCount\":671,\"commentCount\":27,\"publisher\":{\"@id\":\"https:\/\/orchidays.fr\/blog\/#organization\"},\"image\":{\"@id\":\"https:\/\/orchidays.fr\/blog\/a-la-une\/salle-orchidee-un-voyage-au-coeur-de-la-nature-et-de-la-detente\/#primaryimage\"},\"thumbnailUrl\":\"https:\/\/orchidays.fr\/blog\/wp-content\/uploads\/2025\/02\/stability-salle-orchidee-un-voyage-au-coeur-de-la-nature-et-de-la-detente.png\",\"keywords\":[\"Bien-\u00catre\",\"Cadre naturel\",\"Capacit\u00e9 modulable\",\"\u00c9quipements modernes\",\"\u00c9vasion\",\"Salle Orchid\u00e9e\"],\"articleSection\":[\"\u00c0 la une\"],\"inLanguage\":\"fr-FR\",\"potentialAction\":[{\"@type\":\"CommentAction\",\"name\":\"Comment\",\"target\":[\"https:\/\/orchidays.fr\/blog\/a-la-une\/salle-orchidee-un-voyage-au-coeur-de-la-nature-et-de-la-detente\/#respond\"]}]},{\"@type\":\"WebPage\",\"@id\":\"https:\/\/orchidays.fr\/blog\/a-la-une\/salle-orchidee-un-voyage-au-coeur-de-la-nature-et-de-la-detente\/\",\"url\":\"https:\/\/orchidays.fr\/blog\/a-la-une\/salle-orchidee-un-voyage-au-coeur-de-la-nature-et-de-la-detente\/\",\"name\":\"Salle Orchid\u00e9e : Un Voyage au Coeur de la Nature\",\"isPartOf\":{\"@id\":\"https:\/\/orchidays.fr\/blog\/#website\"},\"primaryImageOfPage\":{\"@id\":\"https:\/\/orchidays.fr\/blog\/a-la-une\/salle-orchidee-un-voyage-au-coeur-de-la-nature-et-de-la-detente\/#primaryimage\"},\"image\":{\"@id\":\"https:\/\/orchidays.fr\/blog\/a-la-une\/salle-orchidee-un-voyage-au-coeur-de-la-nature-et-de-la-detente\/#primaryimage\"},\"thumbnailUrl\":\"https:\/\/orchidays.fr\/blog\/wp-content\/uploads\/2025\/02\/stability-salle-orchidee-un-voyage-au-coeur-de-la-nature-et-de-la-detente.png\",\"datePublished\":\"2025-02-08T14:41:00+00:00\",\"description\":\"Imaginez un espace o\u00f9 la nature s'\u00e9panouit, o\u00f9 chaque coin respire l'harmonie.\",\"inLanguage\":\"fr-FR\",\"potentialAction\":[{\"@type\":\"ReadAction\",\"target\":[\"https:\/\/orchidays.fr\/blog\/a-la-une\/salle-orchidee-un-voyage-au-coeur-de-la-nature-et-de-la-detente\/\"]}]},{\"@type\":\"ImageObject\",\"inLanguage\":\"fr-FR\",\"@id\":\"https:\/\/orchidays.fr\/blog\/a-la-une\/salle-orchidee-un-voyage-au-coeur-de-la-nature-et-de-la-detente\/#primaryimage\",\"url\":\"https:\/\/orchidays.fr\/blog\/wp-content\/uploads\/2025\/02\/stability-salle-orchidee-un-voyage-au-coeur-de-la-nature-et-de-la-detente.png\",\"contentUrl\":\"https:\/\/orchidays.fr\/blog\/wp-content\/uploads\/2025\/02\/stability-salle-orchidee-un-voyage-au-coeur-de-la-nature-et-de-la-detente.png\",\"width\":1024,\"height\":576},{\"@type\":\"WebSite\",\"@id\":\"https:\/\/orchidays.fr\/blog\/#website\",\"url\":\"https:\/\/orchidays.fr\/blog\/\",\"name\":\"Orchidays\",\"description\":\"La beaut\u00e9 d\u00e9licate des orchid\u00e9es.\",\"publisher\":{\"@id\":\"https:\/\/orchidays.fr\/blog\/#organization\"},\"alternateName\":\"La beaut\u00e9 d\u00e9licate des orchid\u00e9es.\",\"potentialAction\":[{\"@type\":\"SearchAction\",\"target\":{\"@type\":\"EntryPoint\",\"urlTemplate\":\"https:\/\/orchidays.fr\/blog\/?s={search_term_string}\"},\"query-input\":{\"@type\":\"PropertyValueSpecification\",\"valueRequired\":true,\"valueName\":\"search_term_string\"}}],\"inLanguage\":\"fr-FR\"},{\"@type\":[\"Organization\",\"NewsMediaOrganization\"],\"@id\":\"https:\/\/orchidays.fr\/blog\/#organization\",\"name\":\"Orchidays\",\"alternateName\":\"Orchidays \u2014 Le m\u00e9dia des passionn\u00e9s d orchid\u00e9es\",\"url\":\"https:\/\/orchidays.fr\/blog\/\",\"logo\":{\"@type\":\"ImageObject\",\"inLanguage\":\"fr-FR\",\"@id\":\"https:\/\/orchidays.fr\/blog\/#\/schema\/logo\/image\/\",\"url\":\"https:\/\/orchidays.fr\/blog\/wp-content\/uploads\/2024\/12\/Orchidays.png\",\"contentUrl\":\"https:\/\/orchidays.fr\/blog\/wp-content\/uploads\/2024\/12\/Orchidays.png\",\"width\":500,\"height\":500,\"caption\":\"Orchidays\"},\"image\":{\"@id\":\"https:\/\/orchidays.fr\/blog\/#\/schema\/logo\/image\/\"},\"publishingPrinciples\":\"https:\/\/orchidays.fr\/blog\/charte-editoriale\/\",\"ethicsPolicy\":\"https:\/\/orchidays.fr\/blog\/charte-editoriale\/\",\"actionableFeedbackPolicy\":\"https:\/\/orchidays.fr\/blog\/contact\/\",\"foundingDate\":\"2025-01-01\"},{\"@type\":\"Person\",\"@id\":\"https:\/\/orchidays.fr\/blog\/#\/schema\/person\/343e6b39707ad21901b3bb19e5db6bb5\",\"name\":\"Sophie Moreau\",\"image\":{\"@type\":\"ImageObject\",\"inLanguage\":\"fr-FR\",\"@id\":\"https:\/\/orchidays.fr\/blog\/#\/schema\/person\/image\/\",\"url\":\"https:\/\/secure.gravatar.com\/avatar\/?s=96&d=mm&r=g\",\"contentUrl\":\"https:\/\/secure.gravatar.com\/avatar\/?s=96&d=mm&r=g\",\"caption\":\"Sophie Moreau\"},\"description\":\"J'\u00e9cris sur la maison c\u00f4t\u00e9 cocooning : petits r\u00e9agencements, rangement malin et touches d\u00e9co qui r\u00e9chauffent un int\u00e9rieur sans gros budget. J'aime les solutions simples, le seconde main et le fait-maison. Mon plaisir, c'est de montrer qu'on transforme une pi\u00e8ce avec trois bonnes id\u00e9es et un peu d'huile de coude.\",\"sameAs\":[\"https:\/\/sophie-moreau.fr\/\"],\"url\":\"https:\/\/orchidays.fr\/blog\/auteur\/sophie-moreau\/\"}]}<\/script>\n<!-- \/ Yoast SEO Premium plugin. -->","yoast_head_json":{"title":"Salle Orchid\u00e9e : Un Voyage au Coeur de la Nature","description":"Imaginez un espace o\u00f9 la nature s'\u00e9panouit, o\u00f9 chaque coin respire l'harmonie.","robots":{"index":"index","follow":"follow","max-snippet":"max-snippet:-1","max-image-preview":"max-image-preview:large","max-video-preview":"max-video-preview:-1"},"canonical":"https:\/\/orchidays.fr\/blog\/a-la-une\/salle-orchidee-un-voyage-au-coeur-de-la-nature-et-de-la-detente\/","og_locale":"fr_FR","og_type":"article","og_title":"Salle Orchid\u00e9e : Un Voyage au Coeur de la Nature","og_description":"Imaginez un espace o\u00f9 la nature s'\u00e9panouit, o\u00f9 chaque coin respire l'harmonie.","og_url":"https:\/\/orchidays.fr\/blog\/a-la-une\/salle-orchidee-un-voyage-au-coeur-de-la-nature-et-de-la-detente\/","og_site_name":"orchidays","og_image":[{"width":1024,"height":576,"url":"https:\/\/orchidays.fr\/blog\/wp-content\/uploads\/2025\/02\/stability-salle-orchidee-un-voyage-au-coeur-de-la-nature-et-de-la-detente.png","type":"image\/png"}],"author":"Sophie Moreau","twitter_card":"summary_large_image","schema":{"@context":"https:\/\/schema.org","@graph":[{"@type":"NewsArticle","@id":"https:\/\/orchidays.fr\/blog\/a-la-une\/salle-orchidee-un-voyage-au-coeur-de-la-nature-et-de-la-detente\/#article","isPartOf":{"@id":"https:\/\/orchidays.fr\/blog\/a-la-une\/salle-orchidee-un-voyage-au-coeur-de-la-nature-et-de-la-detente\/"},"author":{"name":"Sophie Moreau","@id":"https:\/\/orchidays.fr\/blog\/#\/schema\/person\/343e6b39707ad21901b3bb19e5db6bb5"},"headline":"Salle Orchid\u00e9e : Un Voyage au Coeur de la Nature et de la D\u00e9tente","datePublished":"2025-02-08T14:41:00+00:00","mainEntityOfPage":{"@id":"https:\/\/orchidays.fr\/blog\/a-la-une\/salle-orchidee-un-voyage-au-coeur-de-la-nature-et-de-la-detente\/"},"wordCount":671,"commentCount":27,"publisher":{"@id":"https:\/\/orchidays.fr\/blog\/#organization"},"image":{"@id":"https:\/\/orchidays.fr\/blog\/a-la-une\/salle-orchidee-un-voyage-au-coeur-de-la-nature-et-de-la-detente\/#primaryimage"},"thumbnailUrl":"https:\/\/orchidays.fr\/blog\/wp-content\/uploads\/2025\/02\/stability-salle-orchidee-un-voyage-au-coeur-de-la-nature-et-de-la-detente.png","keywords":["Bien-\u00catre","Cadre naturel","Capacit\u00e9 modulable","\u00c9quipements modernes","\u00c9vasion","Salle Orchid\u00e9e"],"articleSection":["\u00c0 la une"],"inLanguage":"fr-FR","potentialAction":[{"@type":"CommentAction","name":"Comment","target":["https:\/\/orchidays.fr\/blog\/a-la-une\/salle-orchidee-un-voyage-au-coeur-de-la-nature-et-de-la-detente\/#respond"]}]},{"@type":"WebPage","@id":"https:\/\/orchidays.fr\/blog\/a-la-une\/salle-orchidee-un-voyage-au-coeur-de-la-nature-et-de-la-detente\/","url":"https:\/\/orchidays.fr\/blog\/a-la-une\/salle-orchidee-un-voyage-au-coeur-de-la-nature-et-de-la-detente\/","name":"Salle Orchid\u00e9e : Un Voyage au Coeur de la Nature","isPartOf":{"@id":"https:\/\/orchidays.fr\/blog\/#website"},"primaryImageOfPage":{"@id":"https:\/\/orchidays.fr\/blog\/a-la-une\/salle-orchidee-un-voyage-au-coeur-de-la-nature-et-de-la-detente\/#primaryimage"},"image":{"@id":"https:\/\/orchidays.fr\/blog\/a-la-une\/salle-orchidee-un-voyage-au-coeur-de-la-nature-et-de-la-detente\/#primaryimage"},"thumbnailUrl":"https:\/\/orchidays.fr\/blog\/wp-content\/uploads\/2025\/02\/stability-salle-orchidee-un-voyage-au-coeur-de-la-nature-et-de-la-detente.png","datePublished":"2025-02-08T14:41:00+00:00","description":"Imaginez un espace o\u00f9 la nature s'\u00e9panouit, o\u00f9 chaque coin respire l'harmonie.","inLanguage":"fr-FR","potentialAction":[{"@type":"ReadAction","target":["https:\/\/orchidays.fr\/blog\/a-la-une\/salle-orchidee-un-voyage-au-coeur-de-la-nature-et-de-la-detente\/"]}]},{"@type":"ImageObject","inLanguage":"fr-FR","@id":"https:\/\/orchidays.fr\/blog\/a-la-une\/salle-orchidee-un-voyage-au-coeur-de-la-nature-et-de-la-detente\/#primaryimage","url":"https:\/\/orchidays.fr\/blog\/wp-content\/uploads\/2025\/02\/stability-salle-orchidee-un-voyage-au-coeur-de-la-nature-et-de-la-detente.png","contentUrl":"https:\/\/orchidays.fr\/blog\/wp-content\/uploads\/2025\/02\/stability-salle-orchidee-un-voyage-au-coeur-de-la-nature-et-de-la-detente.png","width":1024,"height":576},{"@type":"WebSite","@id":"https:\/\/orchidays.fr\/blog\/#website","url":"https:\/\/orchidays.fr\/blog\/","name":"Orchidays","description":"La beaut\u00e9 d\u00e9licate des orchid\u00e9es.","publisher":{"@id":"https:\/\/orchidays.fr\/blog\/#organization"},"alternateName":"La beaut\u00e9 d\u00e9licate des orchid\u00e9es.","potentialAction":[{"@type":"SearchAction","target":{"@type":"EntryPoint","urlTemplate":"https:\/\/orchidays.fr\/blog\/?s={search_term_string}"},"query-input":{"@type":"PropertyValueSpecification","valueRequired":true,"valueName":"search_term_string"}}],"inLanguage":"fr-FR"},{"@type":["Organization","NewsMediaOrganization"],"@id":"https:\/\/orchidays.fr\/blog\/#organization","name":"Orchidays","alternateName":"Orchidays \u2014 Le m\u00e9dia des passionn\u00e9s d orchid\u00e9es","url":"https:\/\/orchidays.fr\/blog\/","logo":{"@type":"ImageObject","inLanguage":"fr-FR","@id":"https:\/\/orchidays.fr\/blog\/#\/schema\/logo\/image\/","url":"https:\/\/orchidays.fr\/blog\/wp-content\/uploads\/2024\/12\/Orchidays.png","contentUrl":"https:\/\/orchidays.fr\/blog\/wp-content\/uploads\/2024\/12\/Orchidays.png","width":500,"height":500,"caption":"Orchidays"},"image":{"@id":"https:\/\/orchidays.fr\/blog\/#\/schema\/logo\/image\/"},"publishingPrinciples":"https:\/\/orchidays.fr\/blog\/charte-editoriale\/","ethicsPolicy":"https:\/\/orchidays.fr\/blog\/charte-editoriale\/","actionableFeedbackPolicy":"https:\/\/orchidays.fr\/blog\/contact\/","foundingDate":"2025-01-01"},{"@type":"Person","@id":"https:\/\/orchidays.fr\/blog\/#\/schema\/person\/343e6b39707ad21901b3bb19e5db6bb5","name":"Sophie Moreau","image":{"@type":"ImageObject","inLanguage":"fr-FR","@id":"https:\/\/orchidays.fr\/blog\/#\/schema\/person\/image\/","url":"https:\/\/secure.gravatar.com\/avatar\/?s=96&d=mm&r=g","contentUrl":"https:\/\/secure.gravatar.com\/avatar\/?s=96&d=mm&r=g","caption":"Sophie Moreau"},"description":"J'\u00e9cris sur la maison c\u00f4t\u00e9 cocooning : petits r\u00e9agencements, rangement malin et touches d\u00e9co qui r\u00e9chauffent un int\u00e9rieur sans gros budget. J'aime les solutions simples, le seconde main et le fait-maison. Mon plaisir, c'est de montrer qu'on transforme une pi\u00e8ce avec trois bonnes id\u00e9es et un peu d'huile de coude.","sameAs":["https:\/\/sophie-moreau.fr\/"],"url":"https:\/\/orchidays.fr\/blog\/auteur\/sophie-moreau\/"}]}},"_links":{"self":[{"href":"https:\/\/orchidays.fr\/blog\/wp-json\/wp\/v2\/posts\/7443","targetHints":{"allow":["GET"]}}],"collection":[{"href":"https:\/\/orchidays.fr\/blog\/wp-json\/wp\/v2\/posts"}],"about":[{"href":"https:\/\/orchidays.fr\/blog\/wp-json\/wp\/v2\/types\/post"}],"author":[{"embeddable":true,"href":"https:\/\/orchidays.fr\/blog\/wp-json\/wp\/v2\/users\/39"}],"replies":[{"embeddable":true,"href":"https:\/\/orchidays.fr\/blog\/wp-json\/wp\/v2\/comments?post=7443"}],"version-history":[{"count":2,"href":"https:\/\/orchidays.fr\/blog\/wp-json\/wp\/v2\/posts\/7443\/revisions"}],"predecessor-version":[{"id":7610,"href":"https:\/\/orchidays.fr\/blog\/wp-json\/wp\/v2\/posts\/7443\/revisions\/7610"}],"wp:featuredmedia":[{"embeddable":true,"href":"https:\/\/orchidays.fr\/blog\/wp-json\/wp\/v2\/media\/7444"}],"wp:attachment":[{"href":"https:\/\/orchidays.fr\/blog\/wp-json\/wp\/v2\/media?parent=7443"}],"wp:term":[{"taxonomy":"category","embeddable":true,"href":"https:\/\/orchidays.fr\/blog\/wp-json\/wp\/v2\/categories?post=7443"},{"taxonomy":"post_tag","embeddable":true,"href":"https:\/\/orchidays.fr\/blog\/wp-json\/wp\/v2\/tags?post=7443"}],"curies":[{"name":"wp","href":"https:\/\/api.w.org\/{rel}","templated":true}]}}