{"id":7431,"date":"2025-02-08T15:01:00","date_gmt":"2025-02-08T14:01:00","guid":{"rendered":"https:\/\/orchidays.fr\/blog\/?p=7431"},"modified":"2025-02-08T14:47:12","modified_gmt":"2025-02-08T13:47:12","slug":"les-orchidees-dexception-un-voyage-a-travers-leur-beaute-et-leur-rarete","status":"publish","type":"post","link":"https:\/\/orchidays.fr\/blog\/a-la-une\/les-orchidees-dexception-un-voyage-a-travers-leur-beaute-et-leur-rarete\/","title":{"rendered":"Les orchid\u00e9es d&rsquo;exception : un voyage \u00e0 travers leur beaut\u00e9 et leur raret\u00e9"},"content":{"rendered":"<h2>Introduction : La magie des orchid\u00e9es<\/h2>\n<p>Ces fleurs d\u00e9licates, souvent consid\u00e9r\u00e9es comme des symboles de luxe et de raffinement, captivent les amateurs de plantes du monde entier. Mais qu&rsquo;est-ce qui rend certaines d&rsquo;entre elles v\u00e9ritablement exceptionnelles ? Dans cet article, nous allons explorer les caract\u00e9ristiques uniques des orchid\u00e9es les plus remarquables, leur habitat naturel, ainsi que les soins n\u00e9cessaires pour les cultiver.<\/p>\n<h2>D\u00e9finition des orchid\u00e9es d&rsquo;exception<\/h2>\n<p>Les orchid\u00e9es d&rsquo;exception se distinguent par leurs couleurs vives, leurs formes originales et leur raret\u00e9. Voici quelques crit\u00e8res qui les d\u00e9finissent :<\/p>\n<ul>\n<li><strong>Raret\u00e9 :<\/strong> Certaines esp\u00e8ces ne poussent que dans des zones g\u00e9ographiques sp\u00e9cifiques.<\/li>\n<li><strong>\u00c9cologie :<\/strong> Elles s&rsquo;adaptent \u00e0 des \u00e9cosyst\u00e8mes particuliers, souvent menac\u00e9s par l&rsquo;urbanisation et le changement climatique.<\/li>\n<li><strong>Caract\u00e9ristiques botaniques :<\/strong> Elles poss\u00e8dent des traits morphologiques uniques, comme des fleurs avec des formes et des motifs extraordinaires.<\/li>\n<\/ul>\n<h2>Les orchid\u00e9es les plus remarquables<\/h2>\n<p>Parmi les nombreuses esp\u00e8ces d&rsquo;orchid\u00e9es, certaines se d\u00e9marquent vraiment. Voici une s\u00e9lection des orchid\u00e9es les plus pris\u00e9es :<img decoding=\"async\" width=\"1024\" height=\"576\" src=\"https:\/\/orchidays.fr\/blog\/wp-content\/uploads\/2025\/02\/stability-les-orchidees-dexception-un-voyage-a-travers-leur-beaute-et-leur-rarete-1.png\" class=\"aligncenter\" alt=\"Illustration d\u00e9taill\u00e9e sur Les orchid\u00e9es d&#039;exception : un voyage \u00e0 travers leur beaut\u00e9 et leur raret\u00e9\" title=\"Les orchid\u00e9es d&#039;exception : un voyage \u00e0 travers leur beaut\u00e9 et leur raret\u00e9\" loading=\"lazy\" \/><\/p>\n<blockquote class=\"wp-embedded-content\" data-secret=\"ceeMGm5K23\"><p><a href=\"https:\/\/orchidays.fr\/blog\/a-la-une\/tout-savoir-sur-lorchidee-frontignan-culture-et-caracteristiques\/\">Tout savoir sur l&rsquo;orchid\u00e9e Frontignan : culture et caract\u00e9ristiques<\/a><\/p><\/blockquote>\n<p><iframe loading=\"lazy\" class=\"wp-embedded-content\" sandbox=\"allow-scripts\" security=\"restricted\" style=\"position: absolute; visibility: hidden;\" title=\"\u00ab\u00a0Tout savoir sur l&rsquo;orchid\u00e9e Frontignan : culture et caract\u00e9ristiques\u00a0\u00bb &#8212; orchidays\" src=\"https:\/\/orchidays.fr\/blog\/a-la-une\/tout-savoir-sur-lorchidee-frontignan-culture-et-caracteristiques\/embed\/#?secret=HekeLteG97#?secret=ceeMGm5K23\" data-secret=\"ceeMGm5K23\" width=\"600\" height=\"338\" frameborder=\"0\" marginwidth=\"0\" marginheight=\"0\" scrolling=\"no\"><\/iframe><\/p>\n<table>\n<tr>\n<th>Nom de l&rsquo;orchid\u00e9e<\/th>\n<th>Origine<\/th>\n<th>Caract\u00e9ristiques<\/th>\n<\/tr>\n<tr>\n<td>Orchid\u00e9e fant\u00f4me (Dendrophylax lindenii)<\/td>\n<td>Florida, USA<\/td>\n<td>Fleur blanche, parfum d\u00e9licat, pousse sur des arbres.<\/td>\n<\/tr>\n<tr>\n<td>Orchid\u00e9e de la reine (Cattleya)<\/td>\n<td>Am\u00e9rique centrale et du sud<\/td>\n<td>Grands p\u00e9tales color\u00e9s, symbolise la beaut\u00e9 et l&rsquo;\u00e9l\u00e9gance.<\/td>\n<\/tr>\n<tr>\n<td>Orchid\u00e9e papillon (Phalaenopsis)<\/td>\n<td>Asie du sud-est<\/td>\n<td>Fleurs en forme de papillon, tr\u00e8s populaire en int\u00e9rieur.<\/td>\n<\/tr>\n<\/table>\n<h2>Soins et entretien des orchid\u00e9es d&rsquo;exception<\/h2>\n<p>Pour profiter pleinement de la beaut\u00e9 de ces orchid\u00e9es, il est crucial de leur offrir les soins ad\u00e9quats. Voici quelques conseils pratiques :<\/p>\n<ul>\n<li><strong>Exposition :<\/strong> Placez-les dans un endroit lumineux, mais \u00e9vitez le soleil direct.<\/li>\n<li><strong>Arrosage :<\/strong> Arrosez mod\u00e9r\u00e9ment, en permettant au substrat de s\u00e9cher entre les arrosages.<\/li>\n<li><strong>Humidit\u00e9 :<\/strong> Maintenez un taux d&rsquo;humidit\u00e9 \u00e9lev\u00e9, id\u00e9alement autour de 60-70%.<\/li>\n<\/ul>\n<blockquote><p>\n    \u00ab\u00a0Les orchid\u00e9es sont les fleurs les plus vari\u00e9es de la plan\u00e8te, avec plus de 25 000 esp\u00e8ces.\u00a0\u00bb &#8211; Botaniste renomm\u00e9.\n<\/p><\/blockquote>\n<h3>FAQ :<\/h3>\n<blockquote>\n<ul>\n<li><strong>Les orchid\u00e9es d&rsquo;exception sont-elles faciles \u00e0 cultiver ?<\/strong>Cela d\u00e9pend de l&rsquo;esp\u00e8ce, mais certaines n\u00e9cessitent des soins sp\u00e9cifiques.<\/li>\n<li><strong>Comment savoir si mon orchid\u00e9e est malade ?<\/strong>Surveillez les feuilles jaunies ou les racines molles.<\/li>\n<li><strong>Peut-on cultiver des orchid\u00e9es en int\u00e9rieur ?<\/strong>Oui, de nombreuses esp\u00e8ces s&rsquo;\u00e9panouissent en int\u00e9rieur avec les bonnes conditions.<\/li>\n<li><strong>Quel est le meilleur moment pour rempoter une orchid\u00e9e ?<\/strong>Le printemps est id\u00e9al, lorsque la plante commence \u00e0 cro\u00eetre.<\/li>\n<\/ul>\n<\/blockquote>\n<h2>Conclusion : L&rsquo;art de cultiver des orchid\u00e9es d&rsquo;exception<\/h2>\n<p>Les orchid\u00e9es d&rsquo;exception repr\u00e9sentent bien plus que de simples plantes d&rsquo;ornement. Leur culture n\u00e9cessite une attention particuli\u00e8re et un respect de leur environnement naturel. En comprenant leurs besoins sp\u00e9cifiques, chaque amateur de jardinage peut transformer son espace en un v\u00e9ritable sanctuaire pour ces merveilles de la nature. Que vous soyez un collectionneur passionn\u00e9 ou un novice, les orchid\u00e9es promettent d&rsquo;ajouter une touche d&rsquo;\u00e9l\u00e9gance et d&rsquo;exotisme \u00e0 votre vie.<\/p>\n","protected":false},"excerpt":{"rendered":"","protected":false},"author":34,"featured_media":7432,"comment_status":"open","ping_status":"open","sticky":false,"template":"","format":"standard","meta":{"_acf_changed":false,"manual_indexmenow":false,"indexmenow_id_project":0,"footnotes":""},"categories":[1],"tags":[4582,4580,3879,3715,2499,4581],"class_list":["post-7431","post","type-post","status-publish","format-standard","has-post-thumbnail","hentry","category-a-la-une","tag-beaute","tag-caracteristiques","tag-ecologie","tag-orchidees","tag-rarete","tag-soins","generate-columns","tablet-grid-50","mobile-grid-100","grid-parent","grid-25"],"acf":[],"yoast_head":"<!-- This site is optimized with the Yoast SEO Premium plugin v21.3 (Yoast SEO v26.5) - https:\/\/yoast.com\/wordpress\/plugins\/seo\/ -->\n<title>Les orchid\u00e9es d&#039;exception<\/title>\n<meta name=\"description\" content=\"Ces fleurs d\u00e9licates, souvent consid\u00e9r\u00e9es comme des symboles de luxe et de raffinement, captivent les amateurs de plantes du monde entier.\" \/>\n<meta name=\"robots\" content=\"index, follow, max-snippet:-1, max-image-preview:large, max-video-preview:-1\" \/>\n<link rel=\"canonical\" href=\"https:\/\/orchidays.fr\/blog\/a-la-une\/les-orchidees-dexception-un-voyage-a-travers-leur-beaute-et-leur-rarete\/\" \/>\n<meta property=\"og:locale\" content=\"fr_FR\" \/>\n<meta property=\"og:type\" content=\"article\" \/>\n<meta property=\"og:title\" content=\"Les orchid\u00e9es d&#039;exception\" \/>\n<meta property=\"og:description\" content=\"Ces fleurs d\u00e9licates, souvent consid\u00e9r\u00e9es comme des symboles de luxe et de raffinement, captivent les amateurs de plantes du monde entier.\" \/>\n<meta property=\"og:url\" content=\"https:\/\/orchidays.fr\/blog\/a-la-une\/les-orchidees-dexception-un-voyage-a-travers-leur-beaute-et-leur-rarete\/\" \/>\n<meta property=\"og:site_name\" content=\"orchidays\" \/>\n<meta property=\"og:image\" content=\"https:\/\/orchidays.fr\/blog\/wp-content\/uploads\/2025\/02\/stability-les-orchidees-dexception-un-voyage-a-travers-leur-beaute-et-leur-rarete.png\" \/>\n\t<meta property=\"og:image:width\" content=\"1024\" \/>\n\t<meta property=\"og:image:height\" content=\"576\" \/>\n\t<meta property=\"og:image:type\" content=\"image\/png\" \/>\n<meta name=\"author\" content=\"Julien Prigent\" \/>\n<meta name=\"twitter:card\" content=\"summary_large_image\" \/>\n<script type=\"application\/ld+json\" class=\"yoast-schema-graph\">{\"@context\":\"https:\/\/schema.org\",\"@graph\":[{\"@type\":\"NewsArticle\",\"@id\":\"https:\/\/orchidays.fr\/blog\/a-la-une\/les-orchidees-dexception-un-voyage-a-travers-leur-beaute-et-leur-rarete\/#article\",\"isPartOf\":{\"@id\":\"https:\/\/orchidays.fr\/blog\/a-la-une\/les-orchidees-dexception-un-voyage-a-travers-leur-beaute-et-leur-rarete\/\"},\"author\":{\"name\":\"Julien Prigent\",\"@id\":\"https:\/\/orchidays.fr\/blog\/#\/schema\/person\/3c864cdc320801e3db34b663e7e3f816\"},\"headline\":\"Les orchid\u00e9es d&rsquo;exception : un voyage \u00e0 travers leur beaut\u00e9 et leur raret\u00e9\",\"datePublished\":\"2025-02-08T14:01:00+00:00\",\"mainEntityOfPage\":{\"@id\":\"https:\/\/orchidays.fr\/blog\/a-la-une\/les-orchidees-dexception-un-voyage-a-travers-leur-beaute-et-leur-rarete\/\"},\"wordCount\":535,\"commentCount\":21,\"publisher\":{\"@id\":\"https:\/\/orchidays.fr\/blog\/#organization\"},\"image\":{\"@id\":\"https:\/\/orchidays.fr\/blog\/a-la-une\/les-orchidees-dexception-un-voyage-a-travers-leur-beaute-et-leur-rarete\/#primaryimage\"},\"thumbnailUrl\":\"https:\/\/orchidays.fr\/blog\/wp-content\/uploads\/2025\/02\/stability-les-orchidees-dexception-un-voyage-a-travers-leur-beaute-et-leur-rarete.png\",\"keywords\":[\"Beaut\u00e9\",\"Caract\u00e9ristiques\",\"\u00c9cologie\",\"Orchid\u00e9es\",\"Raret\u00e9\",\"Soins\"],\"articleSection\":[\"\u00c0 la une\"],\"inLanguage\":\"fr-FR\",\"potentialAction\":[{\"@type\":\"CommentAction\",\"name\":\"Comment\",\"target\":[\"https:\/\/orchidays.fr\/blog\/a-la-une\/les-orchidees-dexception-un-voyage-a-travers-leur-beaute-et-leur-rarete\/#respond\"]}]},{\"@type\":\"WebPage\",\"@id\":\"https:\/\/orchidays.fr\/blog\/a-la-une\/les-orchidees-dexception-un-voyage-a-travers-leur-beaute-et-leur-rarete\/\",\"url\":\"https:\/\/orchidays.fr\/blog\/a-la-une\/les-orchidees-dexception-un-voyage-a-travers-leur-beaute-et-leur-rarete\/\",\"name\":\"Les orchid\u00e9es d'exception\",\"isPartOf\":{\"@id\":\"https:\/\/orchidays.fr\/blog\/#website\"},\"primaryImageOfPage\":{\"@id\":\"https:\/\/orchidays.fr\/blog\/a-la-une\/les-orchidees-dexception-un-voyage-a-travers-leur-beaute-et-leur-rarete\/#primaryimage\"},\"image\":{\"@id\":\"https:\/\/orchidays.fr\/blog\/a-la-une\/les-orchidees-dexception-un-voyage-a-travers-leur-beaute-et-leur-rarete\/#primaryimage\"},\"thumbnailUrl\":\"https:\/\/orchidays.fr\/blog\/wp-content\/uploads\/2025\/02\/stability-les-orchidees-dexception-un-voyage-a-travers-leur-beaute-et-leur-rarete.png\",\"datePublished\":\"2025-02-08T14:01:00+00:00\",\"description\":\"Ces fleurs d\u00e9licates, souvent consid\u00e9r\u00e9es comme des symboles de luxe et de raffinement, captivent les amateurs de plantes du monde entier.\",\"inLanguage\":\"fr-FR\",\"potentialAction\":[{\"@type\":\"ReadAction\",\"target\":[\"https:\/\/orchidays.fr\/blog\/a-la-une\/les-orchidees-dexception-un-voyage-a-travers-leur-beaute-et-leur-rarete\/\"]}]},{\"@type\":\"ImageObject\",\"inLanguage\":\"fr-FR\",\"@id\":\"https:\/\/orchidays.fr\/blog\/a-la-une\/les-orchidees-dexception-un-voyage-a-travers-leur-beaute-et-leur-rarete\/#primaryimage\",\"url\":\"https:\/\/orchidays.fr\/blog\/wp-content\/uploads\/2025\/02\/stability-les-orchidees-dexception-un-voyage-a-travers-leur-beaute-et-leur-rarete.png\",\"contentUrl\":\"https:\/\/orchidays.fr\/blog\/wp-content\/uploads\/2025\/02\/stability-les-orchidees-dexception-un-voyage-a-travers-leur-beaute-et-leur-rarete.png\",\"width\":1024,\"height\":576},{\"@type\":\"WebSite\",\"@id\":\"https:\/\/orchidays.fr\/blog\/#website\",\"url\":\"https:\/\/orchidays.fr\/blog\/\",\"name\":\"Orchidays\",\"description\":\"La beaut\u00e9 d\u00e9licate des orchid\u00e9es.\",\"publisher\":{\"@id\":\"https:\/\/orchidays.fr\/blog\/#organization\"},\"alternateName\":\"La beaut\u00e9 d\u00e9licate des orchid\u00e9es.\",\"potentialAction\":[{\"@type\":\"SearchAction\",\"target\":{\"@type\":\"EntryPoint\",\"urlTemplate\":\"https:\/\/orchidays.fr\/blog\/?s={search_term_string}\"},\"query-input\":{\"@type\":\"PropertyValueSpecification\",\"valueRequired\":true,\"valueName\":\"search_term_string\"}}],\"inLanguage\":\"fr-FR\"},{\"@type\":[\"Organization\",\"NewsMediaOrganization\"],\"@id\":\"https:\/\/orchidays.fr\/blog\/#organization\",\"name\":\"Orchidays\",\"alternateName\":\"Orchidays \u2014 Le m\u00e9dia des passionn\u00e9s d orchid\u00e9es\",\"url\":\"https:\/\/orchidays.fr\/blog\/\",\"logo\":{\"@type\":\"ImageObject\",\"inLanguage\":\"fr-FR\",\"@id\":\"https:\/\/orchidays.fr\/blog\/#\/schema\/logo\/image\/\",\"url\":\"https:\/\/orchidays.fr\/blog\/wp-content\/uploads\/2024\/12\/Orchidays.png\",\"contentUrl\":\"https:\/\/orchidays.fr\/blog\/wp-content\/uploads\/2024\/12\/Orchidays.png\",\"width\":500,\"height\":500,\"caption\":\"Orchidays\"},\"image\":{\"@id\":\"https:\/\/orchidays.fr\/blog\/#\/schema\/logo\/image\/\"},\"publishingPrinciples\":\"https:\/\/orchidays.fr\/blog\/charte-editoriale\/\",\"ethicsPolicy\":\"https:\/\/orchidays.fr\/blog\/charte-editoriale\/\",\"actionableFeedbackPolicy\":\"https:\/\/orchidays.fr\/blog\/contact\/\",\"foundingDate\":\"2025-01-01\"},{\"@type\":\"Person\",\"@id\":\"https:\/\/orchidays.fr\/blog\/#\/schema\/person\/3c864cdc320801e3db34b663e7e3f816\",\"name\":\"Julien Prigent\",\"image\":{\"@type\":\"ImageObject\",\"inLanguage\":\"fr-FR\",\"@id\":\"https:\/\/orchidays.fr\/blog\/#\/schema\/person\/image\/\",\"url\":\"https:\/\/orchidays.fr\/blog\/wp-content\/uploads\/2026\/06\/persona-julien-p-96x96.jpg\",\"contentUrl\":\"https:\/\/orchidays.fr\/blog\/wp-content\/uploads\/2026\/06\/persona-julien-p-96x96.jpg\",\"caption\":\"Julien Prigent\"},\"description\":\"Bricoleur et jardinier dans l'\u00e2me, j'\u00e9cris sur la maison et ses ext\u00e9rieurs avec les mains dans le cambouis plus que dans les th\u00e9ories. Mon terrain couvre tout l'habitat : le potager et le jardin au fil des saisons, mais aussi les petits travaux, la r\u00e9novation, le bricolage et les m\u00e9tiers du b\u00e2timent \u2014 toiture, isolation, menuiserie, serrurerie, ma\u00e7onnerie. J'aime expliquer un geste technique simplement, donner des fourchettes de prix r\u00e9alistes et les bons crit\u00e8res pour choisir un mat\u00e9riau ou un artisan. Je teste ce que je peux sur mes propres chantiers et au jardin avant d'en parler, je distingue la tradition de ce que confirme l'observation, et je pr\u00e9cise toujours le contexte \u2014 climat, type de sol, configuration du logement \u2014 parce qu'un m\u00eame conseil ne vaut pas partout. Mon but : rendre l'entretien et l'am\u00e9lioration de la maison accessibles, durables et \u00e9conomes.\",\"sameAs\":[\"https:\/\/julienprigent.fr\/\"],\"url\":\"https:\/\/orchidays.fr\/blog\/auteur\/julien-p\/\"}]}<\/script>\n<!-- \/ Yoast SEO Premium plugin. -->","yoast_head_json":{"title":"Les orchid\u00e9es d'exception","description":"Ces fleurs d\u00e9licates, souvent consid\u00e9r\u00e9es comme des symboles de luxe et de raffinement, captivent les amateurs de plantes du monde entier.","robots":{"index":"index","follow":"follow","max-snippet":"max-snippet:-1","max-image-preview":"max-image-preview:large","max-video-preview":"max-video-preview:-1"},"canonical":"https:\/\/orchidays.fr\/blog\/a-la-une\/les-orchidees-dexception-un-voyage-a-travers-leur-beaute-et-leur-rarete\/","og_locale":"fr_FR","og_type":"article","og_title":"Les orchid\u00e9es d'exception","og_description":"Ces fleurs d\u00e9licates, souvent consid\u00e9r\u00e9es comme des symboles de luxe et de raffinement, captivent les amateurs de plantes du monde entier.","og_url":"https:\/\/orchidays.fr\/blog\/a-la-une\/les-orchidees-dexception-un-voyage-a-travers-leur-beaute-et-leur-rarete\/","og_site_name":"orchidays","og_image":[{"width":1024,"height":576,"url":"https:\/\/orchidays.fr\/blog\/wp-content\/uploads\/2025\/02\/stability-les-orchidees-dexception-un-voyage-a-travers-leur-beaute-et-leur-rarete.png","type":"image\/png"}],"author":"Julien Prigent","twitter_card":"summary_large_image","schema":{"@context":"https:\/\/schema.org","@graph":[{"@type":"NewsArticle","@id":"https:\/\/orchidays.fr\/blog\/a-la-une\/les-orchidees-dexception-un-voyage-a-travers-leur-beaute-et-leur-rarete\/#article","isPartOf":{"@id":"https:\/\/orchidays.fr\/blog\/a-la-une\/les-orchidees-dexception-un-voyage-a-travers-leur-beaute-et-leur-rarete\/"},"author":{"name":"Julien Prigent","@id":"https:\/\/orchidays.fr\/blog\/#\/schema\/person\/3c864cdc320801e3db34b663e7e3f816"},"headline":"Les orchid\u00e9es d&rsquo;exception : un voyage \u00e0 travers leur beaut\u00e9 et leur raret\u00e9","datePublished":"2025-02-08T14:01:00+00:00","mainEntityOfPage":{"@id":"https:\/\/orchidays.fr\/blog\/a-la-une\/les-orchidees-dexception-un-voyage-a-travers-leur-beaute-et-leur-rarete\/"},"wordCount":535,"commentCount":21,"publisher":{"@id":"https:\/\/orchidays.fr\/blog\/#organization"},"image":{"@id":"https:\/\/orchidays.fr\/blog\/a-la-une\/les-orchidees-dexception-un-voyage-a-travers-leur-beaute-et-leur-rarete\/#primaryimage"},"thumbnailUrl":"https:\/\/orchidays.fr\/blog\/wp-content\/uploads\/2025\/02\/stability-les-orchidees-dexception-un-voyage-a-travers-leur-beaute-et-leur-rarete.png","keywords":["Beaut\u00e9","Caract\u00e9ristiques","\u00c9cologie","Orchid\u00e9es","Raret\u00e9","Soins"],"articleSection":["\u00c0 la une"],"inLanguage":"fr-FR","potentialAction":[{"@type":"CommentAction","name":"Comment","target":["https:\/\/orchidays.fr\/blog\/a-la-une\/les-orchidees-dexception-un-voyage-a-travers-leur-beaute-et-leur-rarete\/#respond"]}]},{"@type":"WebPage","@id":"https:\/\/orchidays.fr\/blog\/a-la-une\/les-orchidees-dexception-un-voyage-a-travers-leur-beaute-et-leur-rarete\/","url":"https:\/\/orchidays.fr\/blog\/a-la-une\/les-orchidees-dexception-un-voyage-a-travers-leur-beaute-et-leur-rarete\/","name":"Les orchid\u00e9es d'exception","isPartOf":{"@id":"https:\/\/orchidays.fr\/blog\/#website"},"primaryImageOfPage":{"@id":"https:\/\/orchidays.fr\/blog\/a-la-une\/les-orchidees-dexception-un-voyage-a-travers-leur-beaute-et-leur-rarete\/#primaryimage"},"image":{"@id":"https:\/\/orchidays.fr\/blog\/a-la-une\/les-orchidees-dexception-un-voyage-a-travers-leur-beaute-et-leur-rarete\/#primaryimage"},"thumbnailUrl":"https:\/\/orchidays.fr\/blog\/wp-content\/uploads\/2025\/02\/stability-les-orchidees-dexception-un-voyage-a-travers-leur-beaute-et-leur-rarete.png","datePublished":"2025-02-08T14:01:00+00:00","description":"Ces fleurs d\u00e9licates, souvent consid\u00e9r\u00e9es comme des symboles de luxe et de raffinement, captivent les amateurs de plantes du monde entier.","inLanguage":"fr-FR","potentialAction":[{"@type":"ReadAction","target":["https:\/\/orchidays.fr\/blog\/a-la-une\/les-orchidees-dexception-un-voyage-a-travers-leur-beaute-et-leur-rarete\/"]}]},{"@type":"ImageObject","inLanguage":"fr-FR","@id":"https:\/\/orchidays.fr\/blog\/a-la-une\/les-orchidees-dexception-un-voyage-a-travers-leur-beaute-et-leur-rarete\/#primaryimage","url":"https:\/\/orchidays.fr\/blog\/wp-content\/uploads\/2025\/02\/stability-les-orchidees-dexception-un-voyage-a-travers-leur-beaute-et-leur-rarete.png","contentUrl":"https:\/\/orchidays.fr\/blog\/wp-content\/uploads\/2025\/02\/stability-les-orchidees-dexception-un-voyage-a-travers-leur-beaute-et-leur-rarete.png","width":1024,"height":576},{"@type":"WebSite","@id":"https:\/\/orchidays.fr\/blog\/#website","url":"https:\/\/orchidays.fr\/blog\/","name":"Orchidays","description":"La beaut\u00e9 d\u00e9licate des orchid\u00e9es.","publisher":{"@id":"https:\/\/orchidays.fr\/blog\/#organization"},"alternateName":"La beaut\u00e9 d\u00e9licate des orchid\u00e9es.","potentialAction":[{"@type":"SearchAction","target":{"@type":"EntryPoint","urlTemplate":"https:\/\/orchidays.fr\/blog\/?s={search_term_string}"},"query-input":{"@type":"PropertyValueSpecification","valueRequired":true,"valueName":"search_term_string"}}],"inLanguage":"fr-FR"},{"@type":["Organization","NewsMediaOrganization"],"@id":"https:\/\/orchidays.fr\/blog\/#organization","name":"Orchidays","alternateName":"Orchidays \u2014 Le m\u00e9dia des passionn\u00e9s d orchid\u00e9es","url":"https:\/\/orchidays.fr\/blog\/","logo":{"@type":"ImageObject","inLanguage":"fr-FR","@id":"https:\/\/orchidays.fr\/blog\/#\/schema\/logo\/image\/","url":"https:\/\/orchidays.fr\/blog\/wp-content\/uploads\/2024\/12\/Orchidays.png","contentUrl":"https:\/\/orchidays.fr\/blog\/wp-content\/uploads\/2024\/12\/Orchidays.png","width":500,"height":500,"caption":"Orchidays"},"image":{"@id":"https:\/\/orchidays.fr\/blog\/#\/schema\/logo\/image\/"},"publishingPrinciples":"https:\/\/orchidays.fr\/blog\/charte-editoriale\/","ethicsPolicy":"https:\/\/orchidays.fr\/blog\/charte-editoriale\/","actionableFeedbackPolicy":"https:\/\/orchidays.fr\/blog\/contact\/","foundingDate":"2025-01-01"},{"@type":"Person","@id":"https:\/\/orchidays.fr\/blog\/#\/schema\/person\/3c864cdc320801e3db34b663e7e3f816","name":"Julien Prigent","image":{"@type":"ImageObject","inLanguage":"fr-FR","@id":"https:\/\/orchidays.fr\/blog\/#\/schema\/person\/image\/","url":"https:\/\/orchidays.fr\/blog\/wp-content\/uploads\/2026\/06\/persona-julien-p-96x96.jpg","contentUrl":"https:\/\/orchidays.fr\/blog\/wp-content\/uploads\/2026\/06\/persona-julien-p-96x96.jpg","caption":"Julien Prigent"},"description":"Bricoleur et jardinier dans l'\u00e2me, j'\u00e9cris sur la maison et ses ext\u00e9rieurs avec les mains dans le cambouis plus que dans les th\u00e9ories. Mon terrain couvre tout l'habitat : le potager et le jardin au fil des saisons, mais aussi les petits travaux, la r\u00e9novation, le bricolage et les m\u00e9tiers du b\u00e2timent \u2014 toiture, isolation, menuiserie, serrurerie, ma\u00e7onnerie. J'aime expliquer un geste technique simplement, donner des fourchettes de prix r\u00e9alistes et les bons crit\u00e8res pour choisir un mat\u00e9riau ou un artisan. Je teste ce que je peux sur mes propres chantiers et au jardin avant d'en parler, je distingue la tradition de ce que confirme l'observation, et je pr\u00e9cise toujours le contexte \u2014 climat, type de sol, configuration du logement \u2014 parce qu'un m\u00eame conseil ne vaut pas partout. Mon but : rendre l'entretien et l'am\u00e9lioration de la maison accessibles, durables et \u00e9conomes.","sameAs":["https:\/\/julienprigent.fr\/"],"url":"https:\/\/orchidays.fr\/blog\/auteur\/julien-p\/"}]}},"_links":{"self":[{"href":"https:\/\/orchidays.fr\/blog\/wp-json\/wp\/v2\/posts\/7431","targetHints":{"allow":["GET"]}}],"collection":[{"href":"https:\/\/orchidays.fr\/blog\/wp-json\/wp\/v2\/posts"}],"about":[{"href":"https:\/\/orchidays.fr\/blog\/wp-json\/wp\/v2\/types\/post"}],"author":[{"embeddable":true,"href":"https:\/\/orchidays.fr\/blog\/wp-json\/wp\/v2\/users\/34"}],"replies":[{"embeddable":true,"href":"https:\/\/orchidays.fr\/blog\/wp-json\/wp\/v2\/comments?post=7431"}],"version-history":[{"count":2,"href":"https:\/\/orchidays.fr\/blog\/wp-json\/wp\/v2\/posts\/7431\/revisions"}],"predecessor-version":[{"id":7563,"href":"https:\/\/orchidays.fr\/blog\/wp-json\/wp\/v2\/posts\/7431\/revisions\/7563"}],"wp:featuredmedia":[{"embeddable":true,"href":"https:\/\/orchidays.fr\/blog\/wp-json\/wp\/v2\/media\/7432"}],"wp:attachment":[{"href":"https:\/\/orchidays.fr\/blog\/wp-json\/wp\/v2\/media?parent=7431"}],"wp:term":[{"taxonomy":"category","embeddable":true,"href":"https:\/\/orchidays.fr\/blog\/wp-json\/wp\/v2\/categories?post=7431"},{"taxonomy":"post_tag","embeddable":true,"href":"https:\/\/orchidays.fr\/blog\/wp-json\/wp\/v2\/tags?post=7431"}],"curies":[{"name":"wp","href":"https:\/\/api.w.org\/{rel}","templated":true}]}}