{"id":7427,"date":"2025-02-11T14:41:00","date_gmt":"2025-02-11T13:41:00","guid":{"rendered":"https:\/\/orchidays.fr\/blog\/?p=7427"},"modified":"2025-02-08T14:46:57","modified_gmt":"2025-02-08T13:46:57","slug":"decouvrez-le-salon-orchidee-dannonay-un-evenement-floral-incontournable","status":"publish","type":"post","link":"https:\/\/orchidays.fr\/blog\/a-la-une\/decouvrez-le-salon-orchidee-dannonay-un-evenement-floral-incontournable\/","title":{"rendered":"D\u00e9couvrez le Salon Orchid\u00e9e d&rsquo;Annonay : Un \u00c9v\u00e9nement Floral Incontournable"},"content":{"rendered":"<h2>Introduction \u00e0 l&rsquo;\u00e9v\u00e9nement<\/h2>\n<p>Chaque ann\u00e9e, cet \u00e9v\u00e9nement attire des visiteurs de toutes parts, d\u00e9sireux de d\u00e9couvrir des vari\u00e9t\u00e9s rares, d&rsquo;\u00e9changer avec des experts et de s\u2019inspirer des tendances florales actuelles. Pourquoi une telle effervescence autour des orchid\u00e9es ? La r\u00e9ponse r\u00e9side dans leur beaut\u00e9, leur diversit\u00e9 et leur symbolique forte.<\/p>\n<h2>Les points forts du salon<\/h2>\n<p>Le Salon Orchid\u00e9e d&rsquo;Annonay propose une exp\u00e9rience immersive dans le monde fascinant des orchid\u00e9es. Les exposants, souvent des producteurs locaux et des passionn\u00e9s, pr\u00e9sentent des esp\u00e8ces uniques, allant des plus communes aux plus exotiques. Les visiteurs peuvent \u00e9galement assister \u00e0 des ateliers pratiques pour apprendre \u00e0 cultiver ces magnifiques fleurs chez eux.<\/p>\n<p>Un des moments forts est la comp\u00e9tition annuelle o\u00f9 les plus belles orchid\u00e9es sont mises en avant. Les juges, compos\u00e9s d&rsquo;experts en horticulture, r\u00e9compensent les meilleures pr\u00e9sentations, offrant ainsi une visibilit\u00e9 pr\u00e9cieuse aux cultivateurs. Participer \u00e0 cette comp\u00e9tition permet de d\u00e9couvrir des vari\u00e9t\u00e9s que l&rsquo;on ne voit nulle part ailleurs.<\/p>\n<h2>Les b\u00e9n\u00e9fices de la participation<\/h2>\n<p>Pour les amateurs d\u2019orchid\u00e9es, participer \u00e0 cet \u00e9v\u00e9nement constitue une v\u00e9ritable opportunit\u00e9 d\u2019enrichir leurs connaissances. Non seulement ils peuvent \u00e9changer avec des sp\u00e9cialistes, mais ils ont \u00e9galement l&rsquo;occasion d&rsquo;acheter des plantes qui ne sont pas disponibles dans le commerce traditionnel. Ce salon offre ainsi une plateforme d&rsquo;\u00e9changes inestimable pour les passionn\u00e9s.<img width=\"1024\" height=\"576\" src=\"https:\/\/orchidays.fr\/blog\/wp-content\/uploads\/2025\/02\/stability-decouvrez-le-salon-orchidee-dannonay-un-evenement-floral-incontournable-1.png\" class=\"aligncenter\" alt=\"Illustration d\u00e9taill\u00e9e sur D\u00e9couvrez le Salon Orchid\u00e9e d&#039;Annonay : Un \u00c9v\u00e9nement Floral Incontournable\" title=\"D\u00e9couvrez le Salon Orchid\u00e9e d&#039;Annonay : Un \u00c9v\u00e9nement Floral Incontournable\" decoding=\"async\" loading=\"lazy\" \/><\/p>\n<p>Les visiteurs peuvent \u00e9galement b\u00e9n\u00e9ficier de conseils personnalis\u00e9s sur les soins \u00e0 apporter aux orchid\u00e9es, allant du choix du substrat \u00e0 la gestion de l\u2019arrosage. Chaque participant repart avec des astuces pratiques et, souvent, avec de nouvelles esp\u00e8ces pour \u00e9toffer sa collection.<\/p>\n<blockquote class=\"wp-embedded-content\" data-secret=\"DTQ1fQmO32\"><p><a href=\"https:\/\/orchidays.fr\/blog\/a-la-une\/tout-savoir-sur-lorchidee-frontignan-culture-et-caracteristiques\/\">Tout savoir sur l&rsquo;orchid\u00e9e Frontignan : culture et caract\u00e9ristiques<\/a><\/p><\/blockquote>\n<p><iframe loading=\"lazy\" class=\"wp-embedded-content\" sandbox=\"allow-scripts\" security=\"restricted\" style=\"position: absolute; visibility: hidden;\" title=\"\u00ab\u00a0Tout savoir sur l&rsquo;orchid\u00e9e Frontignan : culture et caract\u00e9ristiques\u00a0\u00bb &#8212; orchidays\" src=\"https:\/\/orchidays.fr\/blog\/a-la-une\/tout-savoir-sur-lorchidee-frontignan-culture-et-caracteristiques\/embed\/#?secret=GxTTlww6Lf#?secret=DTQ1fQmO32\" data-secret=\"DTQ1fQmO32\" width=\"600\" height=\"338\" frameborder=\"0\" marginwidth=\"0\" marginheight=\"0\" scrolling=\"no\"><\/iframe><\/p>\n<h2>Des activit\u00e9s pour toute la famille<\/h2>\n<p>Le salon ne s&rsquo;adresse pas uniquement aux adultes. Des activit\u00e9s ludiques sont \u00e9galement pr\u00e9vues pour les enfants, comme des ateliers de cr\u00e9ation de mini-jardins d&rsquo;orchid\u00e9es. Ces moments permettent aux plus jeunes de s&rsquo;initier \u00e0 la botanique tout en s&rsquo;amusant.<\/p>\n<p>Le salon accueille aussi des conf\u00e9rences sur des sujets vari\u00e9s li\u00e9s \u00e0 l&rsquo;horticulture, la biodiversit\u00e9 et les techniques de culture. Ce programme \u00e9ducatif enrichit l&rsquo;exp\u00e9rience de chaque participant, qu&rsquo;il soit novice ou expert.<\/p>\n<blockquote>\n<p>\u00ab Les orchid\u00e9es sont bien plus que de simples plantes ; elles incarnent une passion, une esth\u00e9tique et une d\u00e9licatesse qui s\u00e9duisent le c\u0153ur des jardiniers. \u00bb<\/p>\n<\/blockquote>\n<table>\n<tr>\n<th>\u00c9v\u00e9nement<\/th>\n<th>Date<\/th>\n<th>Lieu<\/th>\n<\/tr>\n<tr>\n<td>Salon Orchid\u00e9e Annonay<\/td>\n<td>15-16 avril 2023<\/td>\n<td>Centre culturel d&rsquo;Annonay<\/td>\n<\/tr>\n<tr>\n<td>Ateliers pratiques<\/td>\n<td>15 avril 2023<\/td>\n<td>Salle des conf\u00e9rences<\/td>\n<\/tr>\n<tr>\n<td>Concours d&rsquo;orchid\u00e9es<\/td>\n<td>16 avril 2023<\/td>\n<td>Hall d&rsquo;exposition<\/td>\n<\/tr>\n<\/table>\n<h3>FAQ :<\/h3>\n<blockquote>\n<ul>\n<li><strong>Quel est le prix d&rsquo;entr\u00e9e pour le salon ?<\/strong>Le prix d&rsquo;entr\u00e9e est de 5 euros, gratuit pour les enfants de moins de 12 ans.<\/li>\n<li><strong>Les animaux sont-ils autoris\u00e9s ?<\/strong>Les animaux de compagnie ne sont pas admis dans le salon pour des raisons de s\u00e9curit\u00e9.<\/li>\n<li><strong>Faut-il r\u00e9server \u00e0 l&rsquo;avance ?<\/strong>Il n&rsquo;est pas n\u00e9cessaire de r\u00e9server, mais il est conseill\u00e9 d&rsquo;arriver t\u00f4t pour profiter pleinement de l&rsquo;\u00e9v\u00e9nement.<\/li>\n<li><strong>Y a-t-il des possibilit\u00e9s de restauration sur place ?<\/strong>Oui, des stands de restauration rapide seront disponibles pour les visiteurs.<\/li>\n<\/ul>\n<\/blockquote>\n<p>En conclusion, le Salon Orchid\u00e9e d&rsquo;Annonay s&rsquo;affirme comme un \u00e9v\u00e9nement incontournable pour les passionn\u00e9s de botanique. Que vous soyez un fervent collectionneur ou un simple amateur, cet \u00e9v\u00e9nement offre une occasion unique de d\u00e9couvrir, d&rsquo;apprendre et de partager votre passion pour les orchid\u00e9es. Ne manquez pas cette belle aventure florale !<\/p>\n","protected":false},"excerpt":{"rendered":"","protected":false},"author":41,"featured_media":7428,"comment_status":"open","ping_status":"open","sticky":false,"template":"","format":"standard","meta":{"_acf_changed":false,"manual_indexmenow":false,"indexmenow_id_project":0,"footnotes":""},"categories":[1],"tags":[4577,4578,3615,4579,3715,4576],"class_list":["post-7427","post","type-post","status-publish","format-standard","has-post-thumbnail","hentry","category-a-la-une","tag-annonay","tag-ateliers","tag-biodiversite","tag-competition","tag-orchidees","tag-salon","generate-columns","tablet-grid-50","mobile-grid-100","grid-parent","grid-25"],"acf":[],"yoast_head":"<!-- This site is optimized with the Yoast SEO Premium plugin v21.3 (Yoast SEO v26.5) - https:\/\/yoast.com\/wordpress\/plugins\/seo\/ -->\n<title>D\u00e9couvrez le Salon Orchid\u00e9e d&#039;Annonay<\/title>\n<meta name=\"description\" content=\"Chaque ann\u00e9e, cet \u00e9v\u00e9nement attire des visiteurs de toutes parts, d\u00e9sireux de d\u00e9couvrir des vari\u00e9t\u00e9s rares, d&#039;\u00e9changer avec des experts et de s\u2019inspirer\u2026\" \/>\n<meta name=\"robots\" content=\"index, follow, max-snippet:-1, max-image-preview:large, max-video-preview:-1\" \/>\n<link rel=\"canonical\" href=\"https:\/\/orchidays.fr\/blog\/a-la-une\/decouvrez-le-salon-orchidee-dannonay-un-evenement-floral-incontournable\/\" \/>\n<meta property=\"og:locale\" content=\"fr_FR\" \/>\n<meta property=\"og:type\" content=\"article\" \/>\n<meta property=\"og:title\" content=\"D\u00e9couvrez le Salon Orchid\u00e9e d&#039;Annonay\" \/>\n<meta property=\"og:description\" content=\"Chaque ann\u00e9e, cet \u00e9v\u00e9nement attire des visiteurs de toutes parts, d\u00e9sireux de d\u00e9couvrir des vari\u00e9t\u00e9s rares, d&#039;\u00e9changer avec des experts et de s\u2019inspirer\u2026\" \/>\n<meta property=\"og:url\" content=\"https:\/\/orchidays.fr\/blog\/a-la-une\/decouvrez-le-salon-orchidee-dannonay-un-evenement-floral-incontournable\/\" \/>\n<meta property=\"og:site_name\" content=\"orchidays\" \/>\n<meta property=\"og:image\" content=\"https:\/\/orchidays.fr\/blog\/wp-content\/uploads\/2025\/02\/stability-decouvrez-le-salon-orchidee-dannonay-un-evenement-floral-incontournable.png\" \/>\n\t<meta property=\"og:image:width\" content=\"1024\" \/>\n\t<meta property=\"og:image:height\" content=\"576\" \/>\n\t<meta property=\"og:image:type\" content=\"image\/png\" \/>\n<meta name=\"author\" content=\"Marie Devaux\" \/>\n<meta name=\"twitter:card\" content=\"summary_large_image\" \/>\n<script type=\"application\/ld+json\" class=\"yoast-schema-graph\">{\"@context\":\"https:\/\/schema.org\",\"@graph\":[{\"@type\":\"NewsArticle\",\"@id\":\"https:\/\/orchidays.fr\/blog\/a-la-une\/decouvrez-le-salon-orchidee-dannonay-un-evenement-floral-incontournable\/#article\",\"isPartOf\":{\"@id\":\"https:\/\/orchidays.fr\/blog\/a-la-une\/decouvrez-le-salon-orchidee-dannonay-un-evenement-floral-incontournable\/\"},\"author\":{\"name\":\"Marie Devaux\",\"@id\":\"https:\/\/orchidays.fr\/blog\/#\/schema\/person\/7d6c3c19d769934f043bdc9bb29c407a\"},\"headline\":\"D\u00e9couvrez le Salon Orchid\u00e9e d&rsquo;Annonay : Un \u00c9v\u00e9nement Floral Incontournable\",\"datePublished\":\"2025-02-11T13:41:00+00:00\",\"mainEntityOfPage\":{\"@id\":\"https:\/\/orchidays.fr\/blog\/a-la-une\/decouvrez-le-salon-orchidee-dannonay-un-evenement-floral-incontournable\/\"},\"wordCount\":623,\"commentCount\":23,\"publisher\":{\"@id\":\"https:\/\/orchidays.fr\/blog\/#organization\"},\"image\":{\"@id\":\"https:\/\/orchidays.fr\/blog\/a-la-une\/decouvrez-le-salon-orchidee-dannonay-un-evenement-floral-incontournable\/#primaryimage\"},\"thumbnailUrl\":\"https:\/\/orchidays.fr\/blog\/wp-content\/uploads\/2025\/02\/stability-decouvrez-le-salon-orchidee-dannonay-un-evenement-floral-incontournable.png\",\"keywords\":[\"Annonay\",\"Ateliers\",\"Biodiversit\u00e9\",\"Comp\u00e9tition\",\"Orchid\u00e9es\",\"Salon\"],\"articleSection\":[\"\u00c0 la une\"],\"inLanguage\":\"fr-FR\",\"potentialAction\":[{\"@type\":\"CommentAction\",\"name\":\"Comment\",\"target\":[\"https:\/\/orchidays.fr\/blog\/a-la-une\/decouvrez-le-salon-orchidee-dannonay-un-evenement-floral-incontournable\/#respond\"]}]},{\"@type\":\"WebPage\",\"@id\":\"https:\/\/orchidays.fr\/blog\/a-la-une\/decouvrez-le-salon-orchidee-dannonay-un-evenement-floral-incontournable\/\",\"url\":\"https:\/\/orchidays.fr\/blog\/a-la-une\/decouvrez-le-salon-orchidee-dannonay-un-evenement-floral-incontournable\/\",\"name\":\"D\u00e9couvrez le Salon Orchid\u00e9e d'Annonay\",\"isPartOf\":{\"@id\":\"https:\/\/orchidays.fr\/blog\/#website\"},\"primaryImageOfPage\":{\"@id\":\"https:\/\/orchidays.fr\/blog\/a-la-une\/decouvrez-le-salon-orchidee-dannonay-un-evenement-floral-incontournable\/#primaryimage\"},\"image\":{\"@id\":\"https:\/\/orchidays.fr\/blog\/a-la-une\/decouvrez-le-salon-orchidee-dannonay-un-evenement-floral-incontournable\/#primaryimage\"},\"thumbnailUrl\":\"https:\/\/orchidays.fr\/blog\/wp-content\/uploads\/2025\/02\/stability-decouvrez-le-salon-orchidee-dannonay-un-evenement-floral-incontournable.png\",\"datePublished\":\"2025-02-11T13:41:00+00:00\",\"description\":\"Chaque ann\u00e9e, cet \u00e9v\u00e9nement attire des visiteurs de toutes parts, d\u00e9sireux de d\u00e9couvrir des vari\u00e9t\u00e9s rares, d'\u00e9changer avec des experts et de s\u2019inspirer\u2026\",\"inLanguage\":\"fr-FR\",\"potentialAction\":[{\"@type\":\"ReadAction\",\"target\":[\"https:\/\/orchidays.fr\/blog\/a-la-une\/decouvrez-le-salon-orchidee-dannonay-un-evenement-floral-incontournable\/\"]}]},{\"@type\":\"ImageObject\",\"inLanguage\":\"fr-FR\",\"@id\":\"https:\/\/orchidays.fr\/blog\/a-la-une\/decouvrez-le-salon-orchidee-dannonay-un-evenement-floral-incontournable\/#primaryimage\",\"url\":\"https:\/\/orchidays.fr\/blog\/wp-content\/uploads\/2025\/02\/stability-decouvrez-le-salon-orchidee-dannonay-un-evenement-floral-incontournable.png\",\"contentUrl\":\"https:\/\/orchidays.fr\/blog\/wp-content\/uploads\/2025\/02\/stability-decouvrez-le-salon-orchidee-dannonay-un-evenement-floral-incontournable.png\",\"width\":1024,\"height\":576},{\"@type\":\"WebSite\",\"@id\":\"https:\/\/orchidays.fr\/blog\/#website\",\"url\":\"https:\/\/orchidays.fr\/blog\/\",\"name\":\"Orchidays\",\"description\":\"La beaut\u00e9 d\u00e9licate des orchid\u00e9es.\",\"publisher\":{\"@id\":\"https:\/\/orchidays.fr\/blog\/#organization\"},\"alternateName\":\"La beaut\u00e9 d\u00e9licate des orchid\u00e9es.\",\"potentialAction\":[{\"@type\":\"SearchAction\",\"target\":{\"@type\":\"EntryPoint\",\"urlTemplate\":\"https:\/\/orchidays.fr\/blog\/?s={search_term_string}\"},\"query-input\":{\"@type\":\"PropertyValueSpecification\",\"valueRequired\":true,\"valueName\":\"search_term_string\"}}],\"inLanguage\":\"fr-FR\"},{\"@type\":[\"Organization\",\"NewsMediaOrganization\"],\"@id\":\"https:\/\/orchidays.fr\/blog\/#organization\",\"name\":\"Orchidays\",\"alternateName\":\"Orchidays \u2014 Le m\u00e9dia des passionn\u00e9s d orchid\u00e9es\",\"url\":\"https:\/\/orchidays.fr\/blog\/\",\"logo\":{\"@type\":\"ImageObject\",\"inLanguage\":\"fr-FR\",\"@id\":\"https:\/\/orchidays.fr\/blog\/#\/schema\/logo\/image\/\",\"url\":\"https:\/\/orchidays.fr\/blog\/wp-content\/uploads\/2024\/12\/Orchidays.png\",\"contentUrl\":\"https:\/\/orchidays.fr\/blog\/wp-content\/uploads\/2024\/12\/Orchidays.png\",\"width\":500,\"height\":500,\"caption\":\"Orchidays\"},\"image\":{\"@id\":\"https:\/\/orchidays.fr\/blog\/#\/schema\/logo\/image\/\"},\"publishingPrinciples\":\"https:\/\/orchidays.fr\/blog\/charte-editoriale\/\",\"ethicsPolicy\":\"https:\/\/orchidays.fr\/blog\/charte-editoriale\/\",\"actionableFeedbackPolicy\":\"https:\/\/orchidays.fr\/blog\/contact\/\",\"foundingDate\":\"2025-01-01\"},{\"@type\":\"Person\",\"@id\":\"https:\/\/orchidays.fr\/blog\/#\/schema\/person\/7d6c3c19d769934f043bdc9bb29c407a\",\"name\":\"Marie Devaux\",\"image\":{\"@type\":\"ImageObject\",\"inLanguage\":\"fr-FR\",\"@id\":\"https:\/\/orchidays.fr\/blog\/#\/schema\/person\/image\/\",\"url\":\"https:\/\/secure.gravatar.com\/avatar\/?s=96&d=mm&r=g\",\"contentUrl\":\"https:\/\/secure.gravatar.com\/avatar\/?s=96&d=mm&r=g\",\"caption\":\"Marie Devaux\"},\"description\":\"La d\u00e9coration d'int\u00e9rieur est mon univers depuis plus de dix ans, du conseil en agencement \u00e0 l'\u00e9criture \u00e9ditoriale. Je me consacre surtout \u00e0 l'am\u00e9nagement des pi\u00e8ces de vie : choix du canap\u00e9 selon l'espace et l'usage, harmonie des couleurs, circulation, lumi\u00e8re naturelle et petites astuces qui rendent un salon vraiment accueillant. J'aime traiter la d\u00e9co comme un sujet concret, avec des fourchettes de prix r\u00e9alistes et des crit\u00e8res mesurables plut\u00f4t que des effets de mode. Avant de recommander un meuble ou une mati\u00e8re, je compare les mod\u00e8les, je v\u00e9rifie l'entretien dans la dur\u00e9e et je pense au quotidien des familles, enfants et animaux compris. Mon angle : un int\u00e9rieur qui se vit, pas seulement qui se photographie. Je tiens \u00e0 ce que chaque conseil soit applicable, que l'on r\u00e9nove un studio ou que l'on meuble une grande maison.\",\"sameAs\":[\"https:\/\/mariedevaux.fr\/\"],\"url\":\"https:\/\/orchidays.fr\/blog\/auteur\/marie-d\/\"}]}<\/script>\n<!-- \/ Yoast SEO Premium plugin. -->","yoast_head_json":{"title":"D\u00e9couvrez le Salon Orchid\u00e9e d'Annonay","description":"Chaque ann\u00e9e, cet \u00e9v\u00e9nement attire des visiteurs de toutes parts, d\u00e9sireux de d\u00e9couvrir des vari\u00e9t\u00e9s rares, d'\u00e9changer avec des experts et de s\u2019inspirer\u2026","robots":{"index":"index","follow":"follow","max-snippet":"max-snippet:-1","max-image-preview":"max-image-preview:large","max-video-preview":"max-video-preview:-1"},"canonical":"https:\/\/orchidays.fr\/blog\/a-la-une\/decouvrez-le-salon-orchidee-dannonay-un-evenement-floral-incontournable\/","og_locale":"fr_FR","og_type":"article","og_title":"D\u00e9couvrez le Salon Orchid\u00e9e d'Annonay","og_description":"Chaque ann\u00e9e, cet \u00e9v\u00e9nement attire des visiteurs de toutes parts, d\u00e9sireux de d\u00e9couvrir des vari\u00e9t\u00e9s rares, d'\u00e9changer avec des experts et de s\u2019inspirer\u2026","og_url":"https:\/\/orchidays.fr\/blog\/a-la-une\/decouvrez-le-salon-orchidee-dannonay-un-evenement-floral-incontournable\/","og_site_name":"orchidays","og_image":[{"width":1024,"height":576,"url":"https:\/\/orchidays.fr\/blog\/wp-content\/uploads\/2025\/02\/stability-decouvrez-le-salon-orchidee-dannonay-un-evenement-floral-incontournable.png","type":"image\/png"}],"author":"Marie Devaux","twitter_card":"summary_large_image","schema":{"@context":"https:\/\/schema.org","@graph":[{"@type":"NewsArticle","@id":"https:\/\/orchidays.fr\/blog\/a-la-une\/decouvrez-le-salon-orchidee-dannonay-un-evenement-floral-incontournable\/#article","isPartOf":{"@id":"https:\/\/orchidays.fr\/blog\/a-la-une\/decouvrez-le-salon-orchidee-dannonay-un-evenement-floral-incontournable\/"},"author":{"name":"Marie Devaux","@id":"https:\/\/orchidays.fr\/blog\/#\/schema\/person\/7d6c3c19d769934f043bdc9bb29c407a"},"headline":"D\u00e9couvrez le Salon Orchid\u00e9e d&rsquo;Annonay : Un \u00c9v\u00e9nement Floral Incontournable","datePublished":"2025-02-11T13:41:00+00:00","mainEntityOfPage":{"@id":"https:\/\/orchidays.fr\/blog\/a-la-une\/decouvrez-le-salon-orchidee-dannonay-un-evenement-floral-incontournable\/"},"wordCount":623,"commentCount":23,"publisher":{"@id":"https:\/\/orchidays.fr\/blog\/#organization"},"image":{"@id":"https:\/\/orchidays.fr\/blog\/a-la-une\/decouvrez-le-salon-orchidee-dannonay-un-evenement-floral-incontournable\/#primaryimage"},"thumbnailUrl":"https:\/\/orchidays.fr\/blog\/wp-content\/uploads\/2025\/02\/stability-decouvrez-le-salon-orchidee-dannonay-un-evenement-floral-incontournable.png","keywords":["Annonay","Ateliers","Biodiversit\u00e9","Comp\u00e9tition","Orchid\u00e9es","Salon"],"articleSection":["\u00c0 la une"],"inLanguage":"fr-FR","potentialAction":[{"@type":"CommentAction","name":"Comment","target":["https:\/\/orchidays.fr\/blog\/a-la-une\/decouvrez-le-salon-orchidee-dannonay-un-evenement-floral-incontournable\/#respond"]}]},{"@type":"WebPage","@id":"https:\/\/orchidays.fr\/blog\/a-la-une\/decouvrez-le-salon-orchidee-dannonay-un-evenement-floral-incontournable\/","url":"https:\/\/orchidays.fr\/blog\/a-la-une\/decouvrez-le-salon-orchidee-dannonay-un-evenement-floral-incontournable\/","name":"D\u00e9couvrez le Salon Orchid\u00e9e d'Annonay","isPartOf":{"@id":"https:\/\/orchidays.fr\/blog\/#website"},"primaryImageOfPage":{"@id":"https:\/\/orchidays.fr\/blog\/a-la-une\/decouvrez-le-salon-orchidee-dannonay-un-evenement-floral-incontournable\/#primaryimage"},"image":{"@id":"https:\/\/orchidays.fr\/blog\/a-la-une\/decouvrez-le-salon-orchidee-dannonay-un-evenement-floral-incontournable\/#primaryimage"},"thumbnailUrl":"https:\/\/orchidays.fr\/blog\/wp-content\/uploads\/2025\/02\/stability-decouvrez-le-salon-orchidee-dannonay-un-evenement-floral-incontournable.png","datePublished":"2025-02-11T13:41:00+00:00","description":"Chaque ann\u00e9e, cet \u00e9v\u00e9nement attire des visiteurs de toutes parts, d\u00e9sireux de d\u00e9couvrir des vari\u00e9t\u00e9s rares, d'\u00e9changer avec des experts et de s\u2019inspirer\u2026","inLanguage":"fr-FR","potentialAction":[{"@type":"ReadAction","target":["https:\/\/orchidays.fr\/blog\/a-la-une\/decouvrez-le-salon-orchidee-dannonay-un-evenement-floral-incontournable\/"]}]},{"@type":"ImageObject","inLanguage":"fr-FR","@id":"https:\/\/orchidays.fr\/blog\/a-la-une\/decouvrez-le-salon-orchidee-dannonay-un-evenement-floral-incontournable\/#primaryimage","url":"https:\/\/orchidays.fr\/blog\/wp-content\/uploads\/2025\/02\/stability-decouvrez-le-salon-orchidee-dannonay-un-evenement-floral-incontournable.png","contentUrl":"https:\/\/orchidays.fr\/blog\/wp-content\/uploads\/2025\/02\/stability-decouvrez-le-salon-orchidee-dannonay-un-evenement-floral-incontournable.png","width":1024,"height":576},{"@type":"WebSite","@id":"https:\/\/orchidays.fr\/blog\/#website","url":"https:\/\/orchidays.fr\/blog\/","name":"Orchidays","description":"La beaut\u00e9 d\u00e9licate des orchid\u00e9es.","publisher":{"@id":"https:\/\/orchidays.fr\/blog\/#organization"},"alternateName":"La beaut\u00e9 d\u00e9licate des orchid\u00e9es.","potentialAction":[{"@type":"SearchAction","target":{"@type":"EntryPoint","urlTemplate":"https:\/\/orchidays.fr\/blog\/?s={search_term_string}"},"query-input":{"@type":"PropertyValueSpecification","valueRequired":true,"valueName":"search_term_string"}}],"inLanguage":"fr-FR"},{"@type":["Organization","NewsMediaOrganization"],"@id":"https:\/\/orchidays.fr\/blog\/#organization","name":"Orchidays","alternateName":"Orchidays \u2014 Le m\u00e9dia des passionn\u00e9s d orchid\u00e9es","url":"https:\/\/orchidays.fr\/blog\/","logo":{"@type":"ImageObject","inLanguage":"fr-FR","@id":"https:\/\/orchidays.fr\/blog\/#\/schema\/logo\/image\/","url":"https:\/\/orchidays.fr\/blog\/wp-content\/uploads\/2024\/12\/Orchidays.png","contentUrl":"https:\/\/orchidays.fr\/blog\/wp-content\/uploads\/2024\/12\/Orchidays.png","width":500,"height":500,"caption":"Orchidays"},"image":{"@id":"https:\/\/orchidays.fr\/blog\/#\/schema\/logo\/image\/"},"publishingPrinciples":"https:\/\/orchidays.fr\/blog\/charte-editoriale\/","ethicsPolicy":"https:\/\/orchidays.fr\/blog\/charte-editoriale\/","actionableFeedbackPolicy":"https:\/\/orchidays.fr\/blog\/contact\/","foundingDate":"2025-01-01"},{"@type":"Person","@id":"https:\/\/orchidays.fr\/blog\/#\/schema\/person\/7d6c3c19d769934f043bdc9bb29c407a","name":"Marie Devaux","image":{"@type":"ImageObject","inLanguage":"fr-FR","@id":"https:\/\/orchidays.fr\/blog\/#\/schema\/person\/image\/","url":"https:\/\/secure.gravatar.com\/avatar\/?s=96&d=mm&r=g","contentUrl":"https:\/\/secure.gravatar.com\/avatar\/?s=96&d=mm&r=g","caption":"Marie Devaux"},"description":"La d\u00e9coration d'int\u00e9rieur est mon univers depuis plus de dix ans, du conseil en agencement \u00e0 l'\u00e9criture \u00e9ditoriale. Je me consacre surtout \u00e0 l'am\u00e9nagement des pi\u00e8ces de vie : choix du canap\u00e9 selon l'espace et l'usage, harmonie des couleurs, circulation, lumi\u00e8re naturelle et petites astuces qui rendent un salon vraiment accueillant. J'aime traiter la d\u00e9co comme un sujet concret, avec des fourchettes de prix r\u00e9alistes et des crit\u00e8res mesurables plut\u00f4t que des effets de mode. Avant de recommander un meuble ou une mati\u00e8re, je compare les mod\u00e8les, je v\u00e9rifie l'entretien dans la dur\u00e9e et je pense au quotidien des familles, enfants et animaux compris. Mon angle : un int\u00e9rieur qui se vit, pas seulement qui se photographie. Je tiens \u00e0 ce que chaque conseil soit applicable, que l'on r\u00e9nove un studio ou que l'on meuble une grande maison.","sameAs":["https:\/\/mariedevaux.fr\/"],"url":"https:\/\/orchidays.fr\/blog\/auteur\/marie-d\/"}]}},"_links":{"self":[{"href":"https:\/\/orchidays.fr\/blog\/wp-json\/wp\/v2\/posts\/7427","targetHints":{"allow":["GET"]}}],"collection":[{"href":"https:\/\/orchidays.fr\/blog\/wp-json\/wp\/v2\/posts"}],"about":[{"href":"https:\/\/orchidays.fr\/blog\/wp-json\/wp\/v2\/types\/post"}],"author":[{"embeddable":true,"href":"https:\/\/orchidays.fr\/blog\/wp-json\/wp\/v2\/users\/41"}],"replies":[{"embeddable":true,"href":"https:\/\/orchidays.fr\/blog\/wp-json\/wp\/v2\/comments?post=7427"}],"version-history":[{"count":2,"href":"https:\/\/orchidays.fr\/blog\/wp-json\/wp\/v2\/posts\/7427\/revisions"}],"predecessor-version":[{"id":7636,"href":"https:\/\/orchidays.fr\/blog\/wp-json\/wp\/v2\/posts\/7427\/revisions\/7636"}],"wp:featuredmedia":[{"embeddable":true,"href":"https:\/\/orchidays.fr\/blog\/wp-json\/wp\/v2\/media\/7428"}],"wp:attachment":[{"href":"https:\/\/orchidays.fr\/blog\/wp-json\/wp\/v2\/media?parent=7427"}],"wp:term":[{"taxonomy":"category","embeddable":true,"href":"https:\/\/orchidays.fr\/blog\/wp-json\/wp\/v2\/categories?post=7427"},{"taxonomy":"post_tag","embeddable":true,"href":"https:\/\/orchidays.fr\/blog\/wp-json\/wp\/v2\/tags?post=7427"}],"curies":[{"name":"wp","href":"https:\/\/api.w.org\/{rel}","templated":true}]}}